{"id":42552,"date":"2023-12-11T10:09:45","date_gmt":"2023-12-11T13:09:45","guid":{"rendered":"https:\/\/www.obispado-mdp.org.ar\/a\/?p=42552"},"modified":"2023-12-11T10:30:05","modified_gmt":"2023-12-11T13:30:05","slug":"marcha-de-la-esperanza-en-pinamar","status":"publish","type":"post","link":"https:\/\/www.obispado-mdp.org.ar\/a\/marcha-de-la-esperanza-en-pinamar\/","title":{"rendered":"MARCHA DE LA ESPERANZA EN PINAMAR"},"content":{"rendered":"\n<p>El d\u00eda de la Inmaculada se realiz\u00f3 la MARCHA en Pinamar. Los peregrinos partieron a las 20  y participaron de la Misa. Concurrieron los fieles de las capillas con sus imagenes de los patronos, las colectividades tambi\u00e9n con imagenes y estandartes. estuvo presente el intendente electo, Juan Ibarguren. Luego de la celebraci\u00f3n hubo un buffet y m\u00fasica folkl\u00f3rica.<\/p>\n\n\n\n<figure class=\"wp-container-2 wp-block-gallery-1 wp-block-gallery has-nested-images columns-default is-cropped\">\n<figure class=\"wp-block-image size-large\"><img loading=\"lazy\" width=\"1024\" height=\"819\" data-id=\"42556\"  src=\"https:\/\/www.obispado-mdp.org.ar\/a\/wp-content\/uploads\/2023\/12\/406397239_6907258165978438_1275087516511403761_n-copia-1024x819.jpg\" alt=\"\" class=\"wp-image-42556\"\/><\/figure>\n\n\n\n<figure class=\"wp-block-image\"><img src=\"blob:https:\/\/www.obispado-mdp.org.ar\/769f2842-1345-4675-9c31-f30672428b50\" alt=\"\"\/><\/figure>\n\n\n\n<figure class=\"wp-block-image size-large\"><img loading=\"lazy\" width=\"1024\" height=\"768\" data-id=\"42559\"  src=\"https:\/\/www.obispado-mdp.org.ar\/a\/wp-content\/uploads\/2023\/12\/406871104_6907253355978919_8697285959625897979_n-1024x768.jpg\" alt=\"\" class=\"wp-image-42559\"\/><\/figure>\n\n\n\n<figure class=\"wp-block-image\"><img src=\"blob:https:\/\/www.obispado-mdp.org.ar\/019d6424-9972-4721-a3ab-fea86dcf3c4f\" alt=\"\"\/><\/figure>\n\n\n\n<figure class=\"wp-block-image\"><img src=\"blob:https:\/\/www.obispado-mdp.org.ar\/f2b8ca82-51d1-40c4-ae44-64425e4c2338\" alt=\"\"\/><\/figure>\n\n\n\n<figure class=\"wp-block-image size-large\"><img loading=\"lazy\" width=\"1024\" height=\"768\" data-id=\"42558\"  src=\"https:\/\/www.obispado-mdp.org.ar\/a\/wp-content\/uploads\/2023\/12\/408474653_6907260295978225_8386067228973945995_n-1024x768.jpg\" alt=\"\" class=\"wp-image-42558\"\/><\/figure>\n\n\n\n<figure class=\"wp-block-image\"><img src=\"blob:https:\/\/www.obispado-mdp.org.ar\/5ad43e52-1d41-456d-89ba-e10a8312ddd6\" alt=\"\"\/><\/figure>\n\n\n\n<figure class=\"wp-block-image size-large\"><img loading=\"lazy\" width=\"768\" height=\"1024\" data-id=\"42557\"  src=\"https:\/\/www.obispado-mdp.org.ar\/a\/wp-content\/uploads\/2023\/12\/408523392_6907252705978984_2267441307421952770_n-768x1024.jpg\" alt=\"\" class=\"wp-image-42557\"\/><\/figure>\n\n\n\n<figure class=\"wp-block-image size-large\"><img loading=\"lazy\" width=\"490\" height=\"1008\" data-id=\"42553\"  src=\"https:\/\/www.obispado-mdp.org.ar\/a\/wp-content\/uploads\/2023\/12\/409442389_6907243819313206_9025872367238081714_n.jpg\" alt=\"\" class=\"wp-image-42553\"\/><\/figure>\n\n\n\n<figure class=\"wp-block-image size-large\"><img loading=\"lazy\" width=\"490\" height=\"1008\" data-id=\"42555\"  src=\"https:\/\/www.obispado-mdp.org.ar\/a\/wp-content\/uploads\/2023\/12\/409488065_6907243985979856_3145749954455934308_n-copia.jpg\" alt=\"\" class=\"wp-image-42555\"\/><\/figure>\n\n\n\n<figure class=\"wp-block-image size-large\"><img loading=\"lazy\" width=\"1008\" height=\"490\" data-id=\"42554\"  src=\"https:\/\/www.obispado-mdp.org.ar\/a\/wp-content\/uploads\/2023\/12\/409521125_6907243722646549_5354320198441286665_n.jpg\" alt=\"\" class=\"wp-image-42554\"\/><\/figure>\n<\/figure>\n","protected":false},"excerpt":{"rendered":"<p>El d\u00eda de la Inmaculada se realiz\u00f3 la MARCHA en Pinamar. Los peregrinos partieron a las 20 y participaron de la Misa. Concurrieron los fieles de las capillas con sus imagenes de los patronos, las colectividades tambi\u00e9n con imagenes y estandartes. estuvo presente el intendente electo, Juan Ibarguren. Luego de la celebraci\u00f3n hubo un buffet [&hellip;]<\/p>\n","protected":false},"author":4,"featured_media":42560,"comment_status":"open","ping_status":"open","sticky":false,"template":"","format":"standard","meta":{"_et_pb_use_builder":"","_et_pb_old_content":"","_et_gb_content_width":""},"categories":[4],"tags":[],"aioseo_notices":[],"_links":{"self":[{"href":"https:\/\/www.obispado-mdp.org.ar\/a\/wp-json\/wp\/v2\/posts\/42552"}],"collection":[{"href":"https:\/\/www.obispado-mdp.org.ar\/a\/wp-json\/wp\/v2\/posts"}],"about":[{"href":"https:\/\/www.obispado-mdp.org.ar\/a\/wp-json\/wp\/v2\/types\/post"}],"author":[{"embeddable":true,"href":"https:\/\/www.obispado-mdp.org.ar\/a\/wp-json\/wp\/v2\/users\/4"}],"replies":[{"embeddable":true,"href":"https:\/\/www.obispado-mdp.org.ar\/a\/wp-json\/wp\/v2\/comments?post=42552"}],"version-history":[{"count":2,"href":"https:\/\/www.obispado-mdp.org.ar\/a\/wp-json\/wp\/v2\/posts\/42552\/revisions"}],"predecessor-version":[{"id":42771,"href":"https:\/\/www.obispado-mdp.org.ar\/a\/wp-json\/wp\/v2\/posts\/42552\/revisions\/42771"}],"wp:featuredmedia":[{"embeddable":true,"href":"https:\/\/www.obispado-mdp.org.ar\/a\/wp-json\/wp\/v2\/media\/42560"}],"wp:attachment":[{"href":"https:\/\/www.obispado-mdp.org.ar\/a\/wp-json\/wp\/v2\/media?parent=42552"}],"wp:term":[{"taxonomy":"category","embeddable":true,"href":"https:\/\/www.obispado-mdp.org.ar\/a\/wp-json\/wp\/v2\/categories?post=42552"},{"taxonomy":"post_tag","embeddable":true,"href":"https:\/\/www.obispado-mdp.org.ar\/a\/wp-json\/wp\/v2\/tags?post=42552"}],"curies":[{"name":"wp","href":"https:\/\/api.w.org\/{rel}","templated":true}]}}