{"id":42565,"date":"2023-12-12T16:07:40","date_gmt":"2023-12-12T19:07:40","guid":{"rendered":"https:\/\/www.obispado-mdp.org.ar\/a\/?p=42565"},"modified":"2023-12-12T16:07:52","modified_gmt":"2023-12-12T19:07:52","slug":"fijemos-la-mirada-en-jesus","status":"publish","type":"post","link":"https:\/\/www.obispado-mdp.org.ar\/a\/fijemos-la-mirada-en-jesus\/","title":{"rendered":"\u201cFIJEMOS LA MIRADA EN JES\u00daS\u201d"},"content":{"rendered":"\n<p class=\"has-pale-cyan-blue-background-color has-background\">    <strong>Es el lema de la ordenaci\u00f3n sacerdotal del di\u00e1cono Juan Marcos Degl\u2019Innocenti que se realizar\u00e1 el pr\u00f3ximo viernes 15 a las 19hs en la Iglesia Catedral.<\/strong><\/p>\n\n\n\n<p><strong>Testimonio de Juan Marcos<\/strong><strong><\/strong><\/p>\n\n\n\n<p>\u201cFijemos la Mirada en Jes\u00fas\u201d. \u00c9ste es mi lema de ordenaci\u00f3n y es la expresi\u00f3n de c\u00f3mo llego hasta aqu\u00ed. Tuve la gracia de nacer en una familia muy comprometida con la fe y con la acci\u00f3n de la Iglesia. Desde muy chico, la parroquia fue mi segunda casa. Pero como dec\u00eda un sabio sacerdote, Dios tiene hijos, no nietos. Es por eso que, entre los 17 y los 18 a\u00f1os, despu\u00e9s de una fuerte experiencia con el Esp\u00edritu Santo, comenc\u00e9 a servir a Dios con todo el coraz\u00f3n. Sin embargo, no me imaginaba que \u00c9l me llamaba a ser Sacerdote. Como todo joven cat\u00f3lico, uno se pregunta \u201cpara qu\u00e9 me quiere Dios\u201d, pero no fue sencillo encontrar esa respuesta. Lo primero fue descubrir que \u201cDios me quiere\u201d por encima del \u201cpara qu\u00e9\u201d y en ese Amor fui descubriendo y madurando que mi plenitud estaba en servirlo a \u00e9l y a su pueblo.<\/p>\n\n\n\n<p>Con 25 a\u00f1os, habiendo estudiado, trabajado y con una vida bastante \u201cc\u00f3moda\u201d comenc\u00e9 un proceso de discernimiento vocacional m\u00e1s profundo. As\u00ed pude ver que la entrega total de mi vida al servicio de Dios, en el Sacerdocio Ministerial, era lo que \u00c9l me ped\u00eda.<\/p>\n\n\n\n<p>A los 27 a\u00f1os ingres\u00e9 al seminario. Fue un tiempo de maduraci\u00f3n, de gestar con mucha libertad este s\u00ed al que estoy llegando. Por supuesto que en el camino hubo altibajos, dudas, confirmaciones, desencantos y rencuentros. Pero si hay algo de lo que no pude dudar nuca es de que \u201c\u00c9l es fiel\u201d.<\/p>\n\n\n\n<p>Estos dos \u00faltimos a\u00f1os de formaci\u00f3n en la di\u00f3cesis, primero como seminarista y ahora como di\u00e1cono, fueron m\u00e1s que una \u201cpr\u00e1ctica ministerial\u201d: fueron un verdadero tiempo de confirmaci\u00f3n del camino transitado, para poder reconocer con mucho realismo que, \u00fanicamente, por Su Gracia hoy llegu\u00e9 aqu\u00ed.<\/p>\n\n\n\n<figure class=\"wp-block-image size-large\"><img loading=\"lazy\" width=\"724\" height=\"1024\" src=\"https:\/\/www.obispado-mdp.org.ar\/a\/wp-content\/uploads\/2023\/12\/Afiche-chico-final-724x1024.png\" alt=\"\" class=\"wp-image-42566\"\/><\/figure>\n","protected":false},"excerpt":{"rendered":"<p>Es el lema de la ordenaci\u00f3n sacerdotal del di\u00e1cono Juan Marcos Degl\u2019Innocenti que se realizar\u00e1 el pr\u00f3ximo viernes 15 a las 19hs en la Iglesia Catedral. Testimonio de Juan Marcos \u201cFijemos la Mirada en Jes\u00fas\u201d. \u00c9ste es mi lema de ordenaci\u00f3n y es la expresi\u00f3n de c\u00f3mo llego hasta aqu\u00ed. Tuve la gracia de nacer [&hellip;]<\/p>\n","protected":false},"author":4,"featured_media":42568,"comment_status":"open","ping_status":"open","sticky":false,"template":"","format":"standard","meta":{"_et_pb_use_builder":"","_et_pb_old_content":"","_et_gb_content_width":""},"categories":[4],"tags":[],"aioseo_notices":[],"_links":{"self":[{"href":"https:\/\/www.obispado-mdp.org.ar\/a\/wp-json\/wp\/v2\/posts\/42565"}],"collection":[{"href":"https:\/\/www.obispado-mdp.org.ar\/a\/wp-json\/wp\/v2\/posts"}],"about":[{"href":"https:\/\/www.obispado-mdp.org.ar\/a\/wp-json\/wp\/v2\/types\/post"}],"author":[{"embeddable":true,"href":"https:\/\/www.obispado-mdp.org.ar\/a\/wp-json\/wp\/v2\/users\/4"}],"replies":[{"embeddable":true,"href":"https:\/\/www.obispado-mdp.org.ar\/a\/wp-json\/wp\/v2\/comments?post=42565"}],"version-history":[{"count":1,"href":"https:\/\/www.obispado-mdp.org.ar\/a\/wp-json\/wp\/v2\/posts\/42565\/revisions"}],"predecessor-version":[{"id":42569,"href":"https:\/\/www.obispado-mdp.org.ar\/a\/wp-json\/wp\/v2\/posts\/42565\/revisions\/42569"}],"wp:featuredmedia":[{"embeddable":true,"href":"https:\/\/www.obispado-mdp.org.ar\/a\/wp-json\/wp\/v2\/media\/42568"}],"wp:attachment":[{"href":"https:\/\/www.obispado-mdp.org.ar\/a\/wp-json\/wp\/v2\/media?parent=42565"}],"wp:term":[{"taxonomy":"category","embeddable":true,"href":"https:\/\/www.obispado-mdp.org.ar\/a\/wp-json\/wp\/v2\/categories?post=42565"},{"taxonomy":"post_tag","embeddable":true,"href":"https:\/\/www.obispado-mdp.org.ar\/a\/wp-json\/wp\/v2\/tags?post=42565"}],"curies":[{"name":"wp","href":"https:\/\/api.w.org\/{rel}","templated":true}]}}