{"id":42571,"date":"2023-12-13T08:09:24","date_gmt":"2023-12-13T11:09:24","guid":{"rendered":"https:\/\/www.obispado-mdp.org.ar\/a\/?p=42571"},"modified":"2023-12-13T08:10:17","modified_gmt":"2023-12-13T11:10:17","slug":"nuevo-obispo-para-mar-del-plata","status":"publish","type":"post","link":"https:\/\/www.obispado-mdp.org.ar\/a\/nuevo-obispo-para-mar-del-plata\/","title":{"rendered":"NUEVO OBISPO PARA MAR DEL PLATA"},"content":{"rendered":"\n<p class=\"has-pale-cyan-blue-background-color has-background\"><strong>Mar del Plata: El Papa acept\u00f3 la renuncia de Mons. Bali\u00f1a y nombr\u00f3 nuevo obis<\/strong>po: Mons Gustavo Larraz\u00e1bal<\/p>\n\n\n\n<p>13 DE DICIEMBRE, 2023BUENOS AIRES (AICA)<\/p>\n\n\n\n<p>El Papa acept\u00f3 la renuncia de Mons. Bali\u00f1a, recientemente nombrado obispo de Mar del Plata y nombr\u00f3 a Mons. Larraz\u00e1lal, de 62 a\u00f1os, como nuevo pastor marplatense.<\/p>\n\n\n\n<p>Mar del Plata: El Papa acept\u00f3 la renuncia de Mons. Bali\u00f1a y nombr\u00f3 Nuevo obispo Mons. Gustavo Larraz\u00e1bal CMF, nuevo obispo de Mar del Plata<\/p>\n\n\n\n<p>El <a><\/a>Santo Padre Francisco acept\u00f3 la renuncia de monse\u00f1or Jos\u00e9 Mar\u00eda Bali\u00f1a, recientemente elegido obispo de Mar del Plata, y nombr\u00f3 como nuevo pastor de esa di\u00f3cesis a monse\u00f1or Gustavo Manuel Larraz\u00e1bal CMF (misionero claretiano), de 62 a\u00f1os, actual obispo titular de Buslacena y auxiliar de San Juan de Cuyo .<\/p>\n\n\n\n<p>La informaci\u00f3n fue hecha p\u00fablica hoy en forma simult\u00e1nea en Roma y en Buenos Aires. Aqu\u00ed lo hizo, a trav\u00e9s de la agencia AICA, el nuncio apost\u00f3lico, monse\u00f1or Miroslaw Adamczyk.<\/p>\n\n\n\n<p>Mons. Gustavo Manuel Larraz\u00e1bal CMF<\/p>\n\n\n\n<p>Naci\u00f3 el 31 de enero de 1961 en la ciudad de San Jos\u00e9, departamento de Guaymall\u00e9n, Mendoza.<\/p>\n\n\n\n<p>Tras sus estudios primarios y secundarios ingres\u00f3 en la Congregaci\u00f3n de los Misioneros Hijos del Inmaculado Coraz\u00f3n de Mar\u00eda (conocidos como misioneros claretianos, por ser su fundador San Antonio Mar\u00eda Claret).<\/p>\n\n\n\n<p>El 14 de enero de 1990 hizo su primera profesi\u00f3n religiosa y el 25 de marzo de 1995, los votos perpetuos con la profesi\u00f3n solemne.<\/p>\n\n\n\n<p>Fue ordenado sacerdote el 20 de julio de 1996.<\/p>\n\n\n\n<p>El Papa Francisco lo nombr\u00f3 obispo titular de Buslacena y auxiliar de San Juan de Cuyo el 26 de marzo de 2022.<\/p>\n\n\n\n<p>Recibi\u00f3 la ordenaci\u00f3n episcopal en el Estadio UPCN V\u00f3ley de la capital sanjuanina, el 18 de junio de 2022 de manos del arzobispo local, monse\u00f1or Jorge Eduardo Lozano y los obispos coconsagrantes fueron: monse\u00f1or Juan Jos\u00e9 Chaparro CMF, obispo de San Carlos de Bariloche; monse\u00f1or Marcelo Daniel Colombo, arzobispo de Mendoza; monse\u00f1or Carlos Mar\u00eda Dom\u00ednguez OAR, obispo auxiliar de San Juan de Cuyo; y monse\u00f1or Alfonso Rogelio Delgado, obispo em\u00e9rito de San Juan de Cuyo.<\/p>\n\n\n\n<p>Su lema episcopal es: \u00abAdorar, caminar y acompa\u00f1ar\u00bb.+<\/p>\n","protected":false},"excerpt":{"rendered":"<p>Mar del Plata: El Papa acept\u00f3 la renuncia de Mons. Bali\u00f1a y nombr\u00f3 nuevo obispo: Mons Gustavo Larraz\u00e1bal 13 DE DICIEMBRE, 2023BUENOS AIRES (AICA) El Papa acept\u00f3 la renuncia de Mons. Bali\u00f1a, recientemente nombrado obispo de Mar del Plata y nombr\u00f3 a Mons. Larraz\u00e1lal, de 62 a\u00f1os, como nuevo pastor marplatense. Mar del Plata: El [&hellip;]<\/p>\n","protected":false},"author":4,"featured_media":42572,"comment_status":"open","ping_status":"open","sticky":false,"template":"","format":"standard","meta":{"_et_pb_use_builder":"","_et_pb_old_content":"","_et_gb_content_width":""},"categories":[3,4],"tags":[],"aioseo_notices":[],"_links":{"self":[{"href":"https:\/\/www.obispado-mdp.org.ar\/a\/wp-json\/wp\/v2\/posts\/42571"}],"collection":[{"href":"https:\/\/www.obispado-mdp.org.ar\/a\/wp-json\/wp\/v2\/posts"}],"about":[{"href":"https:\/\/www.obispado-mdp.org.ar\/a\/wp-json\/wp\/v2\/types\/post"}],"author":[{"embeddable":true,"href":"https:\/\/www.obispado-mdp.org.ar\/a\/wp-json\/wp\/v2\/users\/4"}],"replies":[{"embeddable":true,"href":"https:\/\/www.obispado-mdp.org.ar\/a\/wp-json\/wp\/v2\/comments?post=42571"}],"version-history":[{"count":2,"href":"https:\/\/www.obispado-mdp.org.ar\/a\/wp-json\/wp\/v2\/posts\/42571\/revisions"}],"predecessor-version":[{"id":42772,"href":"https:\/\/www.obispado-mdp.org.ar\/a\/wp-json\/wp\/v2\/posts\/42571\/revisions\/42772"}],"wp:featuredmedia":[{"embeddable":true,"href":"https:\/\/www.obispado-mdp.org.ar\/a\/wp-json\/wp\/v2\/media\/42572"}],"wp:attachment":[{"href":"https:\/\/www.obispado-mdp.org.ar\/a\/wp-json\/wp\/v2\/media?parent=42571"}],"wp:term":[{"taxonomy":"category","embeddable":true,"href":"https:\/\/www.obispado-mdp.org.ar\/a\/wp-json\/wp\/v2\/categories?post=42571"},{"taxonomy":"post_tag","embeddable":true,"href":"https:\/\/www.obispado-mdp.org.ar\/a\/wp-json\/wp\/v2\/tags?post=42571"}],"curies":[{"name":"wp","href":"https:\/\/api.w.org\/{rel}","templated":true}]}}