{"id":42577,"date":"2023-12-14T11:34:45","date_gmt":"2023-12-14T14:34:45","guid":{"rendered":"https:\/\/www.obispado-mdp.org.ar\/a\/?p=42577"},"modified":"2023-12-14T11:39:34","modified_gmt":"2023-12-14T14:39:34","slug":"la-historia-de-pironio","status":"publish","type":"post","link":"https:\/\/www.obispado-mdp.org.ar\/a\/la-historia-de-pironio\/","title":{"rendered":"LA HISTORIA DE PIRONIO"},"content":{"rendered":"\n<p class=\"has-pale-cyan-blue-background-color has-background\">\ud83d\ude4fEstamos prepar\u00e1ndonos para la beatificaci\u00f3n del Cardenal Eduardo Pironio que se realizar\u00e1 el pr\u00f3ximo s\u00e1bado a las 11hs en el Santuario de Luj\u00e1n.<\/p>\n\n\n\n<p>Por eso, comenzamos un triduo de videos como una iniciativa conjunta entre la \ud83d\ude4c Escuela Universitaria de Teolog\u00eda &#8211; Cedier y el @cebitepal del @celam<\/p>\n\n\n\n<p><\/p>\n\n\n\n<figure class=\"wp-block-embed is-type-video is-provider-youtube wp-block-embed-youtube wp-embed-aspect-16-9 wp-has-aspect-ratio\"><div class=\"wp-block-embed__wrapper\">\n<iframe loading=\"lazy\" title=\"El cardenal Eduardo Pironio: Una vida llamada a la esperanza (cap\u00edtulo 1)\" width=\"1080\" height=\"608\" src=\"https:\/\/www.youtube.com\/embed\/CjbCQzILngc?feature=oembed\" frameborder=\"0\" allow=\"accelerometer; autoplay; clipboard-write; encrypted-media; gyroscope; picture-in-picture; web-share\" allowfullscreen><\/iframe>\n<\/div><\/figure>\n","protected":false},"excerpt":{"rendered":"<p>\ud83d\ude4fEstamos prepar\u00e1ndonos para la beatificaci\u00f3n del Cardenal Eduardo Pironio que se realizar\u00e1 el pr\u00f3ximo s\u00e1bado a las 11hs en el Santuario de Luj\u00e1n. Por eso, comenzamos un triduo de videos como una iniciativa conjunta entre la \ud83d\ude4c Escuela Universitaria de Teolog\u00eda &#8211; Cedier y el @cebitepal del @celam<\/p>\n","protected":false},"author":4,"featured_media":42578,"comment_status":"open","ping_status":"open","sticky":false,"template":"","format":"standard","meta":{"_et_pb_use_builder":"","_et_pb_old_content":"","_et_gb_content_width":""},"categories":[3,4,5],"tags":[],"aioseo_notices":[],"_links":{"self":[{"href":"https:\/\/www.obispado-mdp.org.ar\/a\/wp-json\/wp\/v2\/posts\/42577"}],"collection":[{"href":"https:\/\/www.obispado-mdp.org.ar\/a\/wp-json\/wp\/v2\/posts"}],"about":[{"href":"https:\/\/www.obispado-mdp.org.ar\/a\/wp-json\/wp\/v2\/types\/post"}],"author":[{"embeddable":true,"href":"https:\/\/www.obispado-mdp.org.ar\/a\/wp-json\/wp\/v2\/users\/4"}],"replies":[{"embeddable":true,"href":"https:\/\/www.obispado-mdp.org.ar\/a\/wp-json\/wp\/v2\/comments?post=42577"}],"version-history":[{"count":2,"href":"https:\/\/www.obispado-mdp.org.ar\/a\/wp-json\/wp\/v2\/posts\/42577\/revisions"}],"predecessor-version":[{"id":42580,"href":"https:\/\/www.obispado-mdp.org.ar\/a\/wp-json\/wp\/v2\/posts\/42577\/revisions\/42580"}],"wp:featuredmedia":[{"embeddable":true,"href":"https:\/\/www.obispado-mdp.org.ar\/a\/wp-json\/wp\/v2\/media\/42578"}],"wp:attachment":[{"href":"https:\/\/www.obispado-mdp.org.ar\/a\/wp-json\/wp\/v2\/media?parent=42577"}],"wp:term":[{"taxonomy":"category","embeddable":true,"href":"https:\/\/www.obispado-mdp.org.ar\/a\/wp-json\/wp\/v2\/categories?post=42577"},{"taxonomy":"post_tag","embeddable":true,"href":"https:\/\/www.obispado-mdp.org.ar\/a\/wp-json\/wp\/v2\/tags?post=42577"}],"curies":[{"name":"wp","href":"https:\/\/api.w.org\/{rel}","templated":true}]}}