{"id":42581,"date":"2023-12-14T17:58:33","date_gmt":"2023-12-14T20:58:33","guid":{"rendered":"https:\/\/www.obispado-mdp.org.ar\/a\/?p=42581"},"modified":"2023-12-14T17:58:35","modified_gmt":"2023-12-14T20:58:35","slug":"encuentro-de-dirigentes-cristianos-de-empresa","status":"publish","type":"post","link":"https:\/\/www.obispado-mdp.org.ar\/a\/encuentro-de-dirigentes-cristianos-de-empresa\/","title":{"rendered":"ENCUENTRO DE DIRIGENTES CRISTIANOS DE EMPRESA"},"content":{"rendered":"\n<p class=\"has-pale-cyan-blue-background-color has-background\"><strong>Se realiz\u00f3 el primer encuentro de trabajo de la Asociaci\u00f3n Cristiana de Dirigentes de Empresa -ACDE- en Mar del Plata con la bendici\u00f3n del Padre Luis Alb\u00f3niga, Administrador Diocesano.<\/strong><\/p>\n\n\n\n<p>Este evento fue dise\u00f1ado con el prop\u00f3sito de establecer los cimientos para el futuro trabajo de ACDE en nuestra ciudad, a partir de los desaf\u00edos y oportunidades locales.<\/p>\n\n\n\n<p>La agenda del d\u00eda inici\u00f3 con las palabras de apertura de Silvia Bulla, Presidente de ACDE, y la bendici\u00f3n del Padre Luis Alb\u00f3niga, Administrador Diocesano. A continuaci\u00f3n, m\u00e1s de 20 dirigentes locales representados por empresarios, emprendedores, profesionales independientes, representantes de la Iglesia y de la Universidad Fasta dialogaron sobre las problem\u00e1ticas locales y la importancia de poder constituir un \u00e1mbito de an\u00e1lisis y reflexi\u00f3n de la tem\u00e1tica empresaria a la luz de los valores cristianos, as\u00ed como la posibilidad de facilitar un espacio de acci\u00f3n, a trav\u00e9s de su compromiso social en una labor empresarial regida por principios \u00e9ticos y al servicio del bien com\u00fan.<\/p>\n\n\n\n<p>Este desayuno marca el punto de partida para el desarrollo futuro de la comunidad de dirigentes cristianos en nuestra ciudad. Un espacio de encuentro comunitario, de oraci\u00f3n y de trabajo por los dem\u00e1s, fundado en el servicio.<\/p>\n\n\n\n<p>Los asistentes fueron;<\/p>\n\n\n\n<p>Beatriz Ranero, Blas Taladrid, Carlos Giaquinto, Claudio Roberto, Eduardo Dosso, Gerardo Valderrey, Graciela Balado, Ignacio Mesa, Marcelo Abal, Mar\u00eda Ferreras, Mariano Bianchi, Mat\u00edas Belusci, Pablo Salvai, Pablo Vittar, Padre Luis Alb\u00f3ndiga, Roberto Verri, Silvia Bulla y Tom\u00e1s Amato.<\/p>\n\n\n\n<figure class=\"wp-container-2 wp-block-gallery-1 wp-block-gallery has-nested-images columns-default is-cropped\">\n<figure class=\"wp-block-image size-large\"><img loading=\"lazy\" width=\"1024\" height=\"635\" data-id=\"42582\"  src=\"https:\/\/www.obispado-mdp.org.ar\/a\/wp-content\/uploads\/2023\/12\/7585ac4a-f737-402c-8320-52fd0fb702a3-1024x635.jpg\" alt=\"\" class=\"wp-image-42582\"\/><\/figure>\n\n\n\n<figure class=\"wp-block-image size-large\"><img loading=\"lazy\" width=\"1024\" height=\"602\" data-id=\"42583\"  src=\"https:\/\/www.obispado-mdp.org.ar\/a\/wp-content\/uploads\/2023\/12\/47547039-268b-4ced-9efa-02247cd03907-1024x602.jpg\" alt=\"\" class=\"wp-image-42583\"\/><\/figure>\n\n\n\n<figure class=\"wp-block-image size-large\"><img loading=\"lazy\" width=\"1024\" height=\"724\" data-id=\"42584\"  src=\"https:\/\/www.obispado-mdp.org.ar\/a\/wp-content\/uploads\/2023\/12\/f30f4f24-c3bc-4f04-bea1-a99c131f659d-1024x724.jpg\" alt=\"\" class=\"wp-image-42584\"\/><\/figure>\n<\/figure>\n","protected":false},"excerpt":{"rendered":"<p>Se realiz\u00f3 el primer encuentro de trabajo de la Asociaci\u00f3n Cristiana de Dirigentes de Empresa -ACDE- en Mar del Plata con la bendici\u00f3n del Padre Luis Alb\u00f3niga, Administrador Diocesano. Este evento fue dise\u00f1ado con el prop\u00f3sito de establecer los cimientos para el futuro trabajo de ACDE en nuestra ciudad, a partir de los desaf\u00edos y [&hellip;]<\/p>\n","protected":false},"author":4,"featured_media":42585,"comment_status":"open","ping_status":"open","sticky":false,"template":"","format":"standard","meta":{"_et_pb_use_builder":"","_et_pb_old_content":"","_et_gb_content_width":""},"categories":[4],"tags":[],"aioseo_notices":[],"_links":{"self":[{"href":"https:\/\/www.obispado-mdp.org.ar\/a\/wp-json\/wp\/v2\/posts\/42581"}],"collection":[{"href":"https:\/\/www.obispado-mdp.org.ar\/a\/wp-json\/wp\/v2\/posts"}],"about":[{"href":"https:\/\/www.obispado-mdp.org.ar\/a\/wp-json\/wp\/v2\/types\/post"}],"author":[{"embeddable":true,"href":"https:\/\/www.obispado-mdp.org.ar\/a\/wp-json\/wp\/v2\/users\/4"}],"replies":[{"embeddable":true,"href":"https:\/\/www.obispado-mdp.org.ar\/a\/wp-json\/wp\/v2\/comments?post=42581"}],"version-history":[{"count":1,"href":"https:\/\/www.obispado-mdp.org.ar\/a\/wp-json\/wp\/v2\/posts\/42581\/revisions"}],"predecessor-version":[{"id":42586,"href":"https:\/\/www.obispado-mdp.org.ar\/a\/wp-json\/wp\/v2\/posts\/42581\/revisions\/42586"}],"wp:featuredmedia":[{"embeddable":true,"href":"https:\/\/www.obispado-mdp.org.ar\/a\/wp-json\/wp\/v2\/media\/42585"}],"wp:attachment":[{"href":"https:\/\/www.obispado-mdp.org.ar\/a\/wp-json\/wp\/v2\/media?parent=42581"}],"wp:term":[{"taxonomy":"category","embeddable":true,"href":"https:\/\/www.obispado-mdp.org.ar\/a\/wp-json\/wp\/v2\/categories?post=42581"},{"taxonomy":"post_tag","embeddable":true,"href":"https:\/\/www.obispado-mdp.org.ar\/a\/wp-json\/wp\/v2\/tags?post=42581"}],"curies":[{"name":"wp","href":"https:\/\/api.w.org\/{rel}","templated":true}]}}