{"id":42591,"date":"2023-12-16T08:24:43","date_gmt":"2023-12-16T11:24:43","guid":{"rendered":"https:\/\/www.obispado-mdp.org.ar\/a\/?p=42591"},"modified":"2023-12-16T08:24:52","modified_gmt":"2023-12-16T11:24:52","slug":"juan-marcos-nuevo-sacerdote-para-la-iglesia","status":"publish","type":"post","link":"https:\/\/www.obispado-mdp.org.ar\/a\/juan-marcos-nuevo-sacerdote-para-la-iglesia\/","title":{"rendered":"JUAN MARCOS, NUEVO SACERDOTE PARA LA IGLESIA."},"content":{"rendered":"\n<p class=\"has-pale-cyan-blue-background-color has-background\"><strong>La celebraci\u00f3n de la ordenaci\u00f3n sacerdotal del di\u00e1cono Juan Marcos Degl\u2019Innocenti se realiz\u00f3 en la Iglesia Catedral con la presencia del Arzobispo de La Plata, Mons. Gabriel Mestre, bajo el lema \u201cFijemos la mirada en Jes\u00fas\u201d.<\/strong><\/p>\n\n\n\n<p>Presidi\u00f3 la celebraci\u00f3n el Arzobispo de La Plata, Mons. Gabriel Mestre a pedido del Administrador Diocesano, Pbro. Luis Alb\u00f3niga y realizados los pasos can\u00f3nicos correspondientes.<\/p>\n\n\n\n<p>Concelebraron los sacerdotes de la di\u00f3cesis y lo hicieron en tiempo de adviento, preparando nuestro coraz\u00f3n para la venida del Se\u00f1or junto a toda la comunidad.<\/p>\n\n\n\n<p>A la luz de los textos b\u00edblicos de la Misa de esta feria de adviento Mons. Mestre propuso tres puntos para reflexionar sintetizados en tres palabras acompa\u00f1adas por el t\u00e9rmino coraz\u00f3n: REDIMIDO, SABIO, ENCARNADO.<\/p>\n\n\n\n<ol><li>Un coraz\u00f3n REDIMIDO<\/li><li>Un coraz\u00f3n SABIO<\/li><li>Un coraz\u00f3n ENCARNADO<\/li><\/ol>\n\n\n\n<p><a href=\"https:\/\/www.obispado-mdp.org.ar\/a\/wp-content\/uploads\/2023\/12\/MESTRE-Homilia-Ordenacion-presbiteral-Juan-Marcos-DeglInnocenti-Mar-del-Plata-151223-1.pdf\" title=\"\">LEER HOMIL\u00cdA COMPLETA<\/a><br><\/p>\n\n\n\n<p>Acompa\u00f1aron a Juan Marcos sus padres y familiares, amigos personales y miembros de la comunidad de origen, junto a las comunidades donde el di\u00e1cono desarrolla su intensa tarea apost\u00f3lica.<\/p>\n\n\n\n<p>El nuevo sacerdote, Juan Marcos, al t\u00e9rmino de la celebraci\u00f3n agradeci\u00f3 a todos los que intervinieron en la formaci\u00f3n de su vocaci\u00f3n, a sus padres que lo guiaron con el ejemplo y a los amigos de las distintas comunidades que lo ayudaron a madurar su vocaci\u00f3n.<\/p>\n\n\n\n<figure class=\"wp-container-2 wp-block-gallery-1 wp-block-gallery has-nested-images columns-default is-cropped\">\n<figure class=\"wp-block-image size-large\"><img loading=\"lazy\" width=\"768\" height=\"1024\" data-id=\"42595\"  src=\"https:\/\/www.obispado-mdp.org.ar\/a\/wp-content\/uploads\/2023\/12\/3edbc641-072e-49a7-940f-e6332428f569-768x1024.jpg\" alt=\"\" class=\"wp-image-42595\"\/><\/figure>\n\n\n\n<figure class=\"wp-block-image size-large\"><img loading=\"lazy\" width=\"1024\" height=\"768\" data-id=\"42593\"  src=\"https:\/\/www.obispado-mdp.org.ar\/a\/wp-content\/uploads\/2023\/12\/85bcdefc-1fc7-4255-8f66-766633e74603-1024x768.jpg\" alt=\"\" class=\"wp-image-42593\"\/><\/figure>\n\n\n\n<figure class=\"wp-block-image size-large\"><img loading=\"lazy\" width=\"1024\" height=\"768\" data-id=\"42598\"  src=\"https:\/\/www.obispado-mdp.org.ar\/a\/wp-content\/uploads\/2023\/12\/646ebf46-f2fa-4193-8fd6-8161f0145116-1024x768.jpg\" alt=\"\" class=\"wp-image-42598\"\/><\/figure>\n\n\n\n<figure class=\"wp-block-image size-large\"><img loading=\"lazy\" width=\"768\" height=\"1024\" data-id=\"42597\"  src=\"https:\/\/www.obispado-mdp.org.ar\/a\/wp-content\/uploads\/2023\/12\/3859dcb0-de23-49dd-80ad-584f68a1e68c-768x1024.jpg\" alt=\"\" class=\"wp-image-42597\"\/><\/figure>\n\n\n\n<figure class=\"wp-block-image size-large\"><img loading=\"lazy\" width=\"1024\" height=\"768\" data-id=\"42599\"  src=\"https:\/\/www.obispado-mdp.org.ar\/a\/wp-content\/uploads\/2023\/12\/98851e0b-19d4-4bff-b681-265c4b1cec3a-1024x768.jpg\" alt=\"\" class=\"wp-image-42599\"\/><\/figure>\n\n\n\n<figure class=\"wp-block-image size-large\"><img loading=\"lazy\" width=\"1024\" height=\"472\" data-id=\"42594\"  src=\"https:\/\/www.obispado-mdp.org.ar\/a\/wp-content\/uploads\/2023\/12\/c7119656-e425-46ea-abdd-5bf2424e51e8-1024x472.jpg\" alt=\"\" class=\"wp-image-42594\"\/><\/figure>\n\n\n\n<figure class=\"wp-block-image size-large\"><img loading=\"lazy\" width=\"930\" height=\"1024\" data-id=\"42592\"  src=\"https:\/\/www.obispado-mdp.org.ar\/a\/wp-content\/uploads\/2023\/12\/d141fbab-2ed7-40f7-afd4-2ccf30c932e6-930x1024.jpg\" alt=\"\" class=\"wp-image-42592\"\/><\/figure>\n<\/figure>\n","protected":false},"excerpt":{"rendered":"<p>La celebraci\u00f3n de la ordenaci\u00f3n sacerdotal del di\u00e1cono Juan Marcos Degl\u2019Innocenti se realiz\u00f3 en la Iglesia Catedral con la presencia del Arzobispo de La Plata, Mons. Gabriel Mestre, bajo el lema \u201cFijemos la mirada en Jes\u00fas\u201d. Presidi\u00f3 la celebraci\u00f3n el Arzobispo de La Plata, Mons. Gabriel Mestre a pedido del Administrador Diocesano, Pbro. Luis Alb\u00f3niga [&hellip;]<\/p>\n","protected":false},"author":4,"featured_media":42596,"comment_status":"open","ping_status":"open","sticky":false,"template":"","format":"standard","meta":{"_et_pb_use_builder":"","_et_pb_old_content":"","_et_gb_content_width":""},"categories":[4],"tags":[],"aioseo_notices":[],"_links":{"self":[{"href":"https:\/\/www.obispado-mdp.org.ar\/a\/wp-json\/wp\/v2\/posts\/42591"}],"collection":[{"href":"https:\/\/www.obispado-mdp.org.ar\/a\/wp-json\/wp\/v2\/posts"}],"about":[{"href":"https:\/\/www.obispado-mdp.org.ar\/a\/wp-json\/wp\/v2\/types\/post"}],"author":[{"embeddable":true,"href":"https:\/\/www.obispado-mdp.org.ar\/a\/wp-json\/wp\/v2\/users\/4"}],"replies":[{"embeddable":true,"href":"https:\/\/www.obispado-mdp.org.ar\/a\/wp-json\/wp\/v2\/comments?post=42591"}],"version-history":[{"count":1,"href":"https:\/\/www.obispado-mdp.org.ar\/a\/wp-json\/wp\/v2\/posts\/42591\/revisions"}],"predecessor-version":[{"id":42600,"href":"https:\/\/www.obispado-mdp.org.ar\/a\/wp-json\/wp\/v2\/posts\/42591\/revisions\/42600"}],"wp:featuredmedia":[{"embeddable":true,"href":"https:\/\/www.obispado-mdp.org.ar\/a\/wp-json\/wp\/v2\/media\/42596"}],"wp:attachment":[{"href":"https:\/\/www.obispado-mdp.org.ar\/a\/wp-json\/wp\/v2\/media?parent=42591"}],"wp:term":[{"taxonomy":"category","embeddable":true,"href":"https:\/\/www.obispado-mdp.org.ar\/a\/wp-json\/wp\/v2\/categories?post=42591"},{"taxonomy":"post_tag","embeddable":true,"href":"https:\/\/www.obispado-mdp.org.ar\/a\/wp-json\/wp\/v2\/tags?post=42591"}],"curies":[{"name":"wp","href":"https:\/\/api.w.org\/{rel}","templated":true}]}}