{"id":42601,"date":"2023-12-16T16:49:32","date_gmt":"2023-12-16T19:49:32","guid":{"rendered":"https:\/\/www.obispado-mdp.org.ar\/a\/?p=42601"},"modified":"2023-12-16T16:50:25","modified_gmt":"2023-12-16T19:50:25","slug":"beatificacion-de-pironio-en-lujan","status":"publish","type":"post","link":"https:\/\/www.obispado-mdp.org.ar\/a\/beatificacion-de-pironio-en-lujan\/","title":{"rendered":"BEATIFICACI\u00d3N DE PIRONIO EN LUJ\u00c1N."},"content":{"rendered":"\n<p class=\"has-pale-cyan-blue-background-color has-background\">     <strong>El cardenal Francisco V\u00e9rgez \u00c1lzaga, por orden del Sumo Pont\u00edfice, encabez\u00f3 la ceremonia frente a la Bas\u00edlica de Luj\u00e1n. Miles de peregrinos. La di\u00f3cesis dijo presente con numerosas delegaciones.<\/strong><\/p>\n\n\n\n<p>    Frente a la\u00a0<strong>Bas\u00edlica Nuestra Se\u00f1ora de Luj\u00e1n<\/strong>, este s\u00e1bado el cardenal\u00a0<strong>Francisco V\u00e9rgez \u00c1lzaga<\/strong>, enviado especial del papa Francisco, formaliz\u00f3 la<strong>\u00a0beatificaci\u00f3n del cardenal Eduardo Francisco Pironio<\/strong>, con una ceremonia religiosa en la que particip\u00f3 el nuncio apost\u00f3lico en la Argentina, Miroslaw Adamczyk, obispos y sacerdotes de todo el pa\u00eds.<\/p>\n\n\n\n<p>Participaron de la beatificaci\u00f3n numerosas delegaciones de la di\u00f3cesis, de distintas parroquias y ciudades con sus sacerdotes, religiosas y laicos que vivieron con alegr\u00eda la ceremonia.<\/p>\n\n\n\n<p>VISITA DEL CARDENAL FERNANDO V\u00c9RGEZ A MAR DEL PLATA<\/p>\n\n\n\n<p>El cardenal\u00a0<strong>Francisco V\u00e9rgez \u00c1lzaga<\/strong>, visitar\u00e1 Mar del Plata el pr\u00f3ximo martes donde presidir\u00e1 una Misa de Acci\u00f3n de Gracias por la Beatificaci\u00f3n a las 19hs en la Iglesia Catedral. Tambi\u00e9n visitar\u00e1 el Carmelo y almorzar\u00e1 con las Hermanas. A la tarde mantendr\u00e1 una reuni\u00f3n con el clero diocesano.<\/p>\n\n\n\n<figure class=\"wp-container-2 wp-block-gallery-1 wp-block-gallery has-nested-images columns-default is-cropped\">\n<figure class=\"wp-block-image size-large\"><img loading=\"lazy\" width=\"1024\" height=\"576\" data-id=\"42603\"  src=\"https:\/\/www.obispado-mdp.org.ar\/a\/wp-content\/uploads\/2023\/12\/1ae89337-53ae-4c90-9bcd-40d4190ba387-1024x576.jpg\" alt=\"\" class=\"wp-image-42603\"\/><\/figure>\n\n\n\n<figure class=\"wp-block-image size-large\"><img loading=\"lazy\" width=\"1024\" height=\"576\" data-id=\"42613\"  src=\"https:\/\/www.obispado-mdp.org.ar\/a\/wp-content\/uploads\/2023\/12\/2d851ac7-74c9-4ec6-8630-56c7c978900d-1024x576.jpg\" alt=\"\" class=\"wp-image-42613\"\/><\/figure>\n\n\n\n<figure class=\"wp-block-image size-large\"><img loading=\"lazy\" width=\"1024\" height=\"770\" data-id=\"42602\"  src=\"https:\/\/www.obispado-mdp.org.ar\/a\/wp-content\/uploads\/2023\/12\/5a18ac5d-bb15-4ed9-9fdd-4ed68f4ecc3a-1024x770.jpg\" alt=\"\" class=\"wp-image-42602\"\/><\/figure>\n\n\n\n<figure class=\"wp-block-image size-large\"><img loading=\"lazy\" width=\"1024\" height=\"576\" data-id=\"42604\"  src=\"https:\/\/www.obispado-mdp.org.ar\/a\/wp-content\/uploads\/2023\/12\/6cd9f446-6d37-4625-bd71-4ea050c88372-1024x576.jpg\" alt=\"\" class=\"wp-image-42604\"\/><\/figure>\n\n\n\n<figure class=\"wp-block-image size-large\"><img loading=\"lazy\" width=\"1024\" height=\"771\" data-id=\"42617\"  src=\"https:\/\/www.obispado-mdp.org.ar\/a\/wp-content\/uploads\/2023\/12\/8f91f2d7-f481-4957-a5e7-066706fe1a7d-1024x771.jpg\" alt=\"\" class=\"wp-image-42617\"\/><\/figure>\n\n\n\n<figure class=\"wp-block-image size-large\"><img loading=\"lazy\" width=\"1024\" height=\"576\" data-id=\"42609\"  src=\"https:\/\/www.obispado-mdp.org.ar\/a\/wp-content\/uploads\/2023\/12\/9efc5145-9edc-41e7-b904-0396de0e411c-1024x576.jpg\" alt=\"\" class=\"wp-image-42609\"\/><\/figure>\n\n\n\n<figure class=\"wp-block-image size-large\"><img loading=\"lazy\" width=\"575\" height=\"1024\" data-id=\"42612\"  src=\"https:\/\/www.obispado-mdp.org.ar\/a\/wp-content\/uploads\/2023\/12\/62ad6e0b-6010-4514-a2fb-f4bbf8c8a1d2-575x1024.jpg\" alt=\"\" class=\"wp-image-42612\"\/><\/figure>\n\n\n\n<figure class=\"wp-block-image size-large\"><img loading=\"lazy\" width=\"1024\" height=\"768\" data-id=\"42605\"  src=\"https:\/\/www.obispado-mdp.org.ar\/a\/wp-content\/uploads\/2023\/12\/81bea280-a653-46c1-9cbd-5443c0ad798f-1024x768.jpg\" alt=\"\" class=\"wp-image-42605\"\/><\/figure>\n\n\n\n<figure class=\"wp-block-image size-large\"><img loading=\"lazy\" width=\"1024\" height=\"768\" data-id=\"42615\"  src=\"https:\/\/www.obispado-mdp.org.ar\/a\/wp-content\/uploads\/2023\/12\/83d28953-3273-4f4f-95b3-95ce53d7ff49-1024x768.jpg\" alt=\"\" class=\"wp-image-42615\"\/><\/figure>\n\n\n\n<figure class=\"wp-block-image size-large\"><img loading=\"lazy\" width=\"771\" height=\"1024\" data-id=\"42610\"  src=\"https:\/\/www.obispado-mdp.org.ar\/a\/wp-content\/uploads\/2023\/12\/89f5438b-9fd1-4c83-a6bb-a4589fa2c9ab-771x1024.jpg\" alt=\"\" class=\"wp-image-42610\"\/><\/figure>\n\n\n\n<figure class=\"wp-block-image size-large\"><img loading=\"lazy\" width=\"1024\" height=\"576\" data-id=\"42611\"  src=\"https:\/\/www.obispado-mdp.org.ar\/a\/wp-content\/uploads\/2023\/12\/210cf6ba-3b7c-4540-b263-eb6352f11e09-1024x576.jpg\" alt=\"\" class=\"wp-image-42611\"\/><\/figure>\n\n\n\n<figure class=\"wp-block-image size-large\"><img loading=\"lazy\" width=\"1024\" height=\"576\" data-id=\"42607\"  src=\"https:\/\/www.obispado-mdp.org.ar\/a\/wp-content\/uploads\/2023\/12\/440e5e2d-e28a-4bcc-9d8c-2a7a7277969c-1024x576.jpg\" alt=\"\" class=\"wp-image-42607\"\/><\/figure>\n\n\n\n<figure class=\"wp-block-image size-large\"><img loading=\"lazy\" width=\"1024\" height=\"576\" data-id=\"42616\"  src=\"https:\/\/www.obispado-mdp.org.ar\/a\/wp-content\/uploads\/2023\/12\/0916d3ec-67ed-468c-8dea-0b8e33dc1bc7-1024x576.jpg\" alt=\"\" class=\"wp-image-42616\"\/><\/figure>\n\n\n\n<figure class=\"wp-block-image size-large\"><img loading=\"lazy\" width=\"1024\" height=\"576\" data-id=\"42606\"  src=\"https:\/\/www.obispado-mdp.org.ar\/a\/wp-content\/uploads\/2023\/12\/a7b4deae-437e-4173-a68a-f9d42bf1667c-1024x576.jpg\" alt=\"\" class=\"wp-image-42606\"\/><\/figure>\n\n\n\n<figure class=\"wp-block-image size-large\"><img loading=\"lazy\" width=\"1024\" height=\"771\" data-id=\"42614\"  src=\"https:\/\/www.obispado-mdp.org.ar\/a\/wp-content\/uploads\/2023\/12\/af0c4ee7-1b27-4d8c-86d1-2040648b9030-1024x771.jpg\" alt=\"\" class=\"wp-image-42614\"\/><\/figure>\n\n\n\n<figure class=\"wp-block-image size-large\"><img loading=\"lazy\" width=\"576\" height=\"1024\" data-id=\"42608\"  src=\"https:\/\/www.obispado-mdp.org.ar\/a\/wp-content\/uploads\/2023\/12\/e492ef22-5c48-4aad-bfad-fb9f154aca7e-576x1024.jpg\" alt=\"\" class=\"wp-image-42608\"\/><\/figure>\n<\/figure>\n\n\n\n<figure class=\"wp-block-image size-large\"><img loading=\"lazy\" width=\"1024\" height=\"1024\" src=\"https:\/\/www.obispado-mdp.org.ar\/a\/wp-content\/uploads\/2023\/12\/Misa-en-Accion-de-Gracias-rostros-1024x1024.jpg\" alt=\"\" class=\"wp-image-42619\"\/><\/figure>\n","protected":false},"excerpt":{"rendered":"<p>El cardenal Francisco V\u00e9rgez \u00c1lzaga, por orden del Sumo Pont\u00edfice, encabez\u00f3 la ceremonia frente a la Bas\u00edlica de Luj\u00e1n. Miles de peregrinos. La di\u00f3cesis dijo presente con numerosas delegaciones. Frente a la\u00a0Bas\u00edlica Nuestra Se\u00f1ora de Luj\u00e1n, este s\u00e1bado el cardenal\u00a0Francisco V\u00e9rgez \u00c1lzaga, enviado especial del papa Francisco, formaliz\u00f3 la\u00a0beatificaci\u00f3n del cardenal Eduardo Francisco Pironio, con [&hellip;]<\/p>\n","protected":false},"author":4,"featured_media":42618,"comment_status":"open","ping_status":"open","sticky":false,"template":"","format":"standard","meta":{"_et_pb_use_builder":"","_et_pb_old_content":"","_et_gb_content_width":""},"categories":[4],"tags":[],"aioseo_notices":[],"_links":{"self":[{"href":"https:\/\/www.obispado-mdp.org.ar\/a\/wp-json\/wp\/v2\/posts\/42601"}],"collection":[{"href":"https:\/\/www.obispado-mdp.org.ar\/a\/wp-json\/wp\/v2\/posts"}],"about":[{"href":"https:\/\/www.obispado-mdp.org.ar\/a\/wp-json\/wp\/v2\/types\/post"}],"author":[{"embeddable":true,"href":"https:\/\/www.obispado-mdp.org.ar\/a\/wp-json\/wp\/v2\/users\/4"}],"replies":[{"embeddable":true,"href":"https:\/\/www.obispado-mdp.org.ar\/a\/wp-json\/wp\/v2\/comments?post=42601"}],"version-history":[{"count":2,"href":"https:\/\/www.obispado-mdp.org.ar\/a\/wp-json\/wp\/v2\/posts\/42601\/revisions"}],"predecessor-version":[{"id":42622,"href":"https:\/\/www.obispado-mdp.org.ar\/a\/wp-json\/wp\/v2\/posts\/42601\/revisions\/42622"}],"wp:featuredmedia":[{"embeddable":true,"href":"https:\/\/www.obispado-mdp.org.ar\/a\/wp-json\/wp\/v2\/media\/42618"}],"wp:attachment":[{"href":"https:\/\/www.obispado-mdp.org.ar\/a\/wp-json\/wp\/v2\/media?parent=42601"}],"wp:term":[{"taxonomy":"category","embeddable":true,"href":"https:\/\/www.obispado-mdp.org.ar\/a\/wp-json\/wp\/v2\/categories?post=42601"},{"taxonomy":"post_tag","embeddable":true,"href":"https:\/\/www.obispado-mdp.org.ar\/a\/wp-json\/wp\/v2\/tags?post=42601"}],"curies":[{"name":"wp","href":"https:\/\/api.w.org\/{rel}","templated":true}]}}