{"id":42623,"date":"2023-12-18T16:10:52","date_gmt":"2023-12-18T19:10:52","guid":{"rendered":"https:\/\/www.obispado-mdp.org.ar\/a\/?p=42623"},"modified":"2023-12-18T16:15:35","modified_gmt":"2023-12-18T19:15:35","slug":"vengan-y-descansemos","status":"publish","type":"post","link":"https:\/\/www.obispado-mdp.org.ar\/a\/vengan-y-descansemos\/","title":{"rendered":"VENGAN Y DESCANSEMOS."},"content":{"rendered":"\n<p class=\"has-pale-cyan-blue-background-color has-background\"><strong>Tiempo de vacaciones en la Di\u00f3cesis de Mar del Plata. Mensaje a los turistas del Administrador diocesano Pbro. Luis Alb\u00f3niga.<\/strong><\/p>\n\n\n\n<p>El Evangelio nos relata que una ocasi\u00f3n, en la que no ten\u00edan ni tiempo para comer de tanta gente que iba y ven\u00eda, Jes\u00fas les dijo a sus ap\u00f3stoles: \u201cVengan ustedes solos a un lugar desierto, para descansar un poco\u201d (Mc 6,31). Jes\u00fas te dirige hoy a vos esta invitaci\u00f3n. Su compasi\u00f3n, su palabra serena y firme, ya te introduce en el descanso, te hace experimentar alivio y paz.<\/p>\n\n\n\n<p>El descanso no es pasar de la fren\u00e9tica actividad de la vida cotidiana a la agitaci\u00f3n de las actividades vacacionales. Es, ante todo, detenernos, disminuir lentamente la marcha. Es, tambi\u00e9n, elevar los ojos para mirar m\u00e1s all\u00e1 y descubrir la belleza de Dios en la creaci\u00f3n y en el rostro de los hermanos, especialmente de tus familiares y amigos.<\/p>\n\n\n\n<p>El tiempo de vacaciones es un tiempo para el coraz\u00f3n. Se nos regala la oportunidad de repasar el a\u00f1o vivido para dar gracias y para renovar las fuerzas. En las vacaciones volvemos a gustar lo simple y hermoso de la vida, dejamos que vuelva a aflorar el amor por los nuestros y a renovar los prop\u00f3sitos que mantienen encendido el sentido de la vida.<\/p>\n\n\n\n<p>En la hermosa costa de nuestra di\u00f3cesis, Jes\u00fas te espera en cada iglesia, para regalarte su palabra y su presencia. Que Dios te bendiga y acompa\u00f1e<\/p>\n\n\n\n<p><strong>P. Luis Alb\u00f3niga<\/strong> &#8211; Administrador Diocesano<\/p>\n\n\n\n<p>Pastoral de Turismo &#8211; Di\u00f3cesis de Mar del Plata<\/p>\n\n\n\n<p>Diciembre de 2023<\/p>\n\n\n\n<figure class=\"wp-block-image size-large\"><img loading=\"lazy\" width=\"724\" height=\"1024\" src=\"https:\/\/www.obispado-mdp.org.ar\/a\/wp-content\/uploads\/2023\/12\/Mensaje-a-los-turistas-Vengan-y-descansemos-724x1024.jpg\" alt=\"\" class=\"wp-image-42625\"\/><\/figure>\n","protected":false},"excerpt":{"rendered":"<p>Tiempo de vacaciones en la Di\u00f3cesis de Mar del Plata. Mensaje a los turistas del Administrador diocesano Pbro. Luis Alb\u00f3niga. El Evangelio nos relata que una ocasi\u00f3n, en la que no ten\u00edan ni tiempo para comer de tanta gente que iba y ven\u00eda, Jes\u00fas les dijo a sus ap\u00f3stoles: \u201cVengan ustedes solos a un lugar [&hellip;]<\/p>\n","protected":false},"author":4,"featured_media":42628,"comment_status":"open","ping_status":"open","sticky":false,"template":"","format":"standard","meta":{"_et_pb_use_builder":"","_et_pb_old_content":"","_et_gb_content_width":""},"categories":[4],"tags":[],"aioseo_notices":[],"_links":{"self":[{"href":"https:\/\/www.obispado-mdp.org.ar\/a\/wp-json\/wp\/v2\/posts\/42623"}],"collection":[{"href":"https:\/\/www.obispado-mdp.org.ar\/a\/wp-json\/wp\/v2\/posts"}],"about":[{"href":"https:\/\/www.obispado-mdp.org.ar\/a\/wp-json\/wp\/v2\/types\/post"}],"author":[{"embeddable":true,"href":"https:\/\/www.obispado-mdp.org.ar\/a\/wp-json\/wp\/v2\/users\/4"}],"replies":[{"embeddable":true,"href":"https:\/\/www.obispado-mdp.org.ar\/a\/wp-json\/wp\/v2\/comments?post=42623"}],"version-history":[{"count":1,"href":"https:\/\/www.obispado-mdp.org.ar\/a\/wp-json\/wp\/v2\/posts\/42623\/revisions"}],"predecessor-version":[{"id":42626,"href":"https:\/\/www.obispado-mdp.org.ar\/a\/wp-json\/wp\/v2\/posts\/42623\/revisions\/42626"}],"wp:featuredmedia":[{"embeddable":true,"href":"https:\/\/www.obispado-mdp.org.ar\/a\/wp-json\/wp\/v2\/media\/42628"}],"wp:attachment":[{"href":"https:\/\/www.obispado-mdp.org.ar\/a\/wp-json\/wp\/v2\/media?parent=42623"}],"wp:term":[{"taxonomy":"category","embeddable":true,"href":"https:\/\/www.obispado-mdp.org.ar\/a\/wp-json\/wp\/v2\/categories?post=42623"},{"taxonomy":"post_tag","embeddable":true,"href":"https:\/\/www.obispado-mdp.org.ar\/a\/wp-json\/wp\/v2\/tags?post=42623"}],"curies":[{"name":"wp","href":"https:\/\/api.w.org\/{rel}","templated":true}]}}