{"id":42658,"date":"2023-12-20T08:59:31","date_gmt":"2023-12-20T11:59:31","guid":{"rendered":"https:\/\/www.obispado-mdp.org.ar\/a\/?p=42658"},"modified":"2023-12-20T09:08:43","modified_gmt":"2023-12-20T12:08:43","slug":"navidad-en-la-carcel","status":"publish","type":"post","link":"https:\/\/www.obispado-mdp.org.ar\/a\/navidad-en-la-carcel\/","title":{"rendered":"NAVIDAD EN LA CARCEL."},"content":{"rendered":"\n<p class=\"has-pale-cyan-blue-background-color has-background\">     <strong>Misa en la Alcaid\u00eda Penitenciaria Bat\u00e1n  presidida por el Administrador Diocesano Pbro. Luis Alboniga<\/strong><\/p>\n\n\n\n<p>   Tuvo lugar en la APB, la misa de v\u00edsperas de Navidad que fue presidida por el Administrador diocesano, Pbro. Luis Alb\u00f3niga, en la que participaron las personas privadas de la libertad, acompa\u00f1ados por la Pastoral Carcelaria a cargo de la Capellana del establecimiento Hna. Helena Kuc quien asiste permanentemente a quienes se encuentran all\u00ed alojados de la mano de sus colaboradoras, Ambay Trobbiani y Leticia Favale y Rodolfo Arrizabalaga.<\/p>\n\n\n\n<p>En esta oportunidad, se celebr\u00f3 la Misa de Navidad, cantaron villancicos y, el Padre Luis predic\u00f3 la Homil\u00eda basada en las lecturas de la noche de Navidad <strong>\u201cDios naci\u00f3 como ni\u00f1o entre los pobres, en un pesebre, para encarnar el amor por toda la humanidad. Un amor capaz de abrir la esperanza en el mundo para la salvaci\u00f3n de los hombres. Pedimos hoy que Jes\u00fas nazca en nuestros corazones, que nos inunde de esperanza y experimentemos el verdadero amor que el derrama en cada uno de nosotros, nuestras familias y en todo el mundo\u00bb<\/strong> finaliz\u00f3 el sacerdote.<\/p>\n\n\n\n<p>Hubo saludos de Paz entre los presentes, los internos e internas pidieron para que sus familias y seres queridos tengan una buena navidad y el religioso les acerc\u00f3 al Ni\u00f1o Jes\u00fas para que pudieran besarlo.<\/p>\n\n\n\n<p>La Pastoral Carcelaria les obsequi\u00f3 un rosario y un se\u00f1alador con un mensaje navide\u00f1o a los fieles y compartieron un desayuno con churros elaborados en la casa de Libertad y misericordia.<\/p>\n\n\n\n<p>Estuvieron presentes en la celebraci\u00f3n de la eucarist\u00eda, el Jefe del Complejo Penitenciario Zona Este, Roberto Astete, el Secretario de Coordinaci\u00f3n, Esteban Fraga, el Subdirector de Asistencia y Tratamiento, Germ\u00e1n Rodr\u00edguez.<\/p>\n\n\n\n<p>El Jefe de Complejo Zona Este, Roberto Astete y el director de la APB, Edgardo Edmundo Flores expresaron agradecimiento por la visita del Padre Alb\u00f3niga trayendo el mensaje de paz y esperanza a toda la poblaci\u00f3n carcelaria y al personal penitenciario.<\/p>\n\n\n\n<p>Fuente: CC<\/p>\n\n\n\n<p><a href=\"https:\/\/www.facebook.com\/photo\/?fbid=769151215240643&amp;set=pcb.769151508573947&amp;__cft__[0]=AZUhVt30T1-TwkOT3S9l38z68O74JTi9v8ZAE52PCAC1eusuVVyzJ79hoGoP3yx0NZXMn_lt3ROnssnuynCH5LOcaEGVysUWqMarvZnivLczhmveLYE6hkcZZBQqDTPnu5OESJ7AndqjquL8pnkEiFCf5c8XQFJP9mRHHCAId3j_IlbxmQ-PNA7Jp1e0EvY4bTc&amp;__tn__=*bH-R\"><\/a><\/p>\n\n\n\n<figure class=\"wp-block-image\"><a href=\"https:\/\/www.facebook.com\/photo\/?fbid=769151215240643&amp;set=pcb.769151508573947&amp;__cft__[0]=AZUhVt30T1-TwkOT3S9l38z68O74JTi9v8ZAE52PCAC1eusuVVyzJ79hoGoP3yx0NZXMn_lt3ROnssnuynCH5LOcaEGVysUWqMarvZnivLczhmveLYE6hkcZZBQqDTPnu5OESJ7AndqjquL8pnkEiFCf5c8XQFJP9mRHHCAId3j_IlbxmQ-PNA7Jp1e0EvY4bTc&amp;__tn__=*bH-R\"><img src=\"https:\/\/scontent.fmdq6-1.fna.fbcdn.net\/v\/t39.30808-6\/412271620_769151561907275_2913697405819483137_n.jpg?stp=dst-jpg_s600x600&amp;_nc_cat=111&amp;ccb=1-7&amp;_nc_sid=dd5e9f&amp;_nc_eui2=AeH3HCRInis_ATsZP1EfAwA8pcLkC7iQPdqlwuQLuJA92gfeq9hCUMCiGS2UbQTNpkaDjxMhQ7pB7TcOaoXuW8ca&amp;_nc_ohc=QusDMPSNZFYAX9VtyZx&amp;_nc_ht=scontent.fmdq6-1.fna&amp;oh=00_AfDZcDg2XPP0MLuJiFlaT0_ymQuwt3aw4WuZC7ym1Yk9XQ&amp;oe=6588542E\" alt=\"\"\/><\/a><\/figure>\n\n\n\n<p><a href=\"https:\/\/www.facebook.com\/photo\/?fbid=769151255240639&amp;set=pcb.769151508573947&amp;__cft__[0]=AZUhVt30T1-TwkOT3S9l38z68O74JTi9v8ZAE52PCAC1eusuVVyzJ79hoGoP3yx0NZXMn_lt3ROnssnuynCH5LOcaEGVysUWqMarvZnivLczhmveLYE6hkcZZBQqDTPnu5OESJ7AndqjquL8pnkEiFCf5c8XQFJP9mRHHCAId3j_IlbxmQ-PNA7Jp1e0EvY4bTc&amp;__tn__=*bH-R\"><\/a><\/p>\n\n\n\n<figure class=\"wp-block-image\"><a href=\"https:\/\/www.facebook.com\/photo\/?fbid=769151255240639&amp;set=pcb.769151508573947&amp;__cft__[0]=AZUhVt30T1-TwkOT3S9l38z68O74JTi9v8ZAE52PCAC1eusuVVyzJ79hoGoP3yx0NZXMn_lt3ROnssnuynCH5LOcaEGVysUWqMarvZnivLczhmveLYE6hkcZZBQqDTPnu5OESJ7AndqjquL8pnkEiFCf5c8XQFJP9mRHHCAId3j_IlbxmQ-PNA7Jp1e0EvY4bTc&amp;__tn__=*bH-R\"><img src=\"https:\/\/scontent.fmdq6-1.fna.fbcdn.net\/v\/t39.30808-6\/412323857_769151821907249_7044754796051508800_n.jpg?stp=dst-jpg_s600x600&amp;_nc_cat=104&amp;ccb=1-7&amp;_nc_sid=dd5e9f&amp;_nc_eui2=AeGrS5-Dymnp6_GrAU0r8xpderTVNchc0Zl6tNU1yFzRmY8Bd20zg8QbgBfGHZO9xEO05MBB99PEEZoJa_hswdgB&amp;_nc_ohc=uF29csogZp4AX9dzNvs&amp;_nc_ht=scontent.fmdq6-1.fna&amp;oh=00_AfC9exxc5-A8czvohF2RToI72Z-YlWQsAYiwvmnNVFZzQQ&amp;oe=65876F5C\" alt=\"\"\/><\/a><\/figure>\n\n\n\n<p><a href=\"https:\/\/www.facebook.com\/photo\/?fbid=769151291907302&amp;set=pcb.769151508573947&amp;__cft__[0]=AZUhVt30T1-TwkOT3S9l38z68O74JTi9v8ZAE52PCAC1eusuVVyzJ79hoGoP3yx0NZXMn_lt3ROnssnuynCH5LOcaEGVysUWqMarvZnivLczhmveLYE6hkcZZBQqDTPnu5OESJ7AndqjquL8pnkEiFCf5c8XQFJP9mRHHCAId3j_IlbxmQ-PNA7Jp1e0EvY4bTc&amp;__tn__=*bH-R\"><\/a><\/p>\n\n\n\n<figure class=\"wp-block-image\"><a href=\"https:\/\/www.facebook.com\/photo\/?fbid=769151291907302&amp;set=pcb.769151508573947&amp;__cft__[0]=AZUhVt30T1-TwkOT3S9l38z68O74JTi9v8ZAE52PCAC1eusuVVyzJ79hoGoP3yx0NZXMn_lt3ROnssnuynCH5LOcaEGVysUWqMarvZnivLczhmveLYE6hkcZZBQqDTPnu5OESJ7AndqjquL8pnkEiFCf5c8XQFJP9mRHHCAId3j_IlbxmQ-PNA7Jp1e0EvY4bTc&amp;__tn__=*bH-R\"><img src=\"https:\/\/scontent.fmdq6-1.fna.fbcdn.net\/v\/t39.30808-6\/411245252_769152068573891_4602462443810631263_n.jpg?stp=dst-jpg_s600x600&amp;_nc_cat=105&amp;ccb=1-7&amp;_nc_sid=dd5e9f&amp;_nc_eui2=AeGd_4UHAYwEFkQmQe2NUwe0-ZX-azNBiVn5lf5rM0GJWQwMCwdTdFMShxYQiZT7-Bvrc93nmwbx_A9OL7as-6M8&amp;_nc_ohc=2OpSWQ8TwT8AX-1gv9J&amp;_nc_ht=scontent.fmdq6-1.fna&amp;oh=00_AfAhIZNYfTZ0LrfgZMwEN-Dy377eaBoPGOJW1tkcT_g2yw&amp;oe=65880C05\" alt=\"\"\/><\/a><\/figure>\n\n\n\n<p><a href=\"https:\/\/www.facebook.com\/photo\/?fbid=769151321907299&amp;set=pcb.769151508573947&amp;__cft__[0]=AZUhVt30T1-TwkOT3S9l38z68O74JTi9v8ZAE52PCAC1eusuVVyzJ79hoGoP3yx0NZXMn_lt3ROnssnuynCH5LOcaEGVysUWqMarvZnivLczhmveLYE6hkcZZBQqDTPnu5OESJ7AndqjquL8pnkEiFCf5c8XQFJP9mRHHCAId3j_IlbxmQ-PNA7Jp1e0EvY4bTc&amp;__tn__=*bH-R\"><\/a><\/p>\n\n\n\n<figure class=\"wp-block-image\"><a href=\"https:\/\/www.facebook.com\/photo\/?fbid=769151321907299&amp;set=pcb.769151508573947&amp;__cft__[0]=AZUhVt30T1-TwkOT3S9l38z68O74JTi9v8ZAE52PCAC1eusuVVyzJ79hoGoP3yx0NZXMn_lt3ROnssnuynCH5LOcaEGVysUWqMarvZnivLczhmveLYE6hkcZZBQqDTPnu5OESJ7AndqjquL8pnkEiFCf5c8XQFJP9mRHHCAId3j_IlbxmQ-PNA7Jp1e0EvY4bTc&amp;__tn__=*bH-R\"><img src=\"https:\/\/scontent.fmdq6-1.fna.fbcdn.net\/v\/t39.30808-6\/412241435_769152111907220_5827684796741364673_n.jpg?stp=dst-jpg_s600x600&amp;_nc_cat=111&amp;ccb=1-7&amp;_nc_sid=dd5e9f&amp;_nc_eui2=AeEty7aNEvrPfcFVKHXln_oE4BZ94Y4b9CngFn3hjhv0KexUJVFYybgkWqh91rZtNybJi1dhhtOslMRotMNibamN&amp;_nc_ohc=15S7nqISHSIAX8VAjGJ&amp;_nc_ht=scontent.fmdq6-1.fna&amp;oh=00_AfA4YdHUUaCngTAmBLbYu2iBFuaDtsyVuX6yndWehVYlkA&amp;oe=6587D4C2\" alt=\"\"\/><\/a><\/figure>\n\n\n\n<p><a href=\"https:\/\/www.facebook.com\/photo\/?fbid=769151348573963&amp;set=pcb.769151508573947&amp;__cft__[0]=AZUhVt30T1-TwkOT3S9l38z68O74JTi9v8ZAE52PCAC1eusuVVyzJ79hoGoP3yx0NZXMn_lt3ROnssnuynCH5LOcaEGVysUWqMarvZnivLczhmveLYE6hkcZZBQqDTPnu5OESJ7AndqjquL8pnkEiFCf5c8XQFJP9mRHHCAId3j_IlbxmQ-PNA7Jp1e0EvY4bTc&amp;__tn__=*bH-R\"><\/a><\/p>\n\n\n\n<figure class=\"wp-block-image\"><a href=\"https:\/\/www.facebook.com\/photo\/?fbid=769151348573963&amp;set=pcb.769151508573947&amp;__cft__[0]=AZUhVt30T1-TwkOT3S9l38z68O74JTi9v8ZAE52PCAC1eusuVVyzJ79hoGoP3yx0NZXMn_lt3ROnssnuynCH5LOcaEGVysUWqMarvZnivLczhmveLYE6hkcZZBQqDTPnu5OESJ7AndqjquL8pnkEiFCf5c8XQFJP9mRHHCAId3j_IlbxmQ-PNA7Jp1e0EvY4bTc&amp;__tn__=*bH-R\"><img src=\"https:\/\/scontent.fmdq6-1.fna.fbcdn.net\/v\/t39.30808-6\/411216103_769152135240551_7538915419661954978_n.jpg?stp=dst-jpg_s600x600&amp;_nc_cat=102&amp;ccb=1-7&amp;_nc_sid=dd5e9f&amp;_nc_eui2=AeGBc4ybwd5Nc-ecu2me4Pv_6DupxzVGdpPoO6nHNUZ2k-XcG7WOt_ZSe9N0dv8czdJp0OkwMTKQc9k6-kZbuwTI&amp;_nc_ohc=ABq7uRnO5CEAX9jIC0B&amp;_nc_ht=scontent.fmdq6-1.fna&amp;oh=00_AfB5QPFOCKXHv5kT7WRlwT0_anW7vX6NHn2f7u-1xKgAIA&amp;oe=6587D563\" alt=\"\"\/><\/a><\/figure>\n\n\n\n<p><\/p>\n\n\n\n<figure class=\"wp-block-image size-large\"><img loading=\"lazy\" width=\"1024\" height=\"768\" src=\"https:\/\/www.obispado-mdp.org.ar\/a\/wp-content\/uploads\/2023\/12\/a061de1f-54bc-4cbc-9805-09deaa419cfa-1024x768.jpg\" alt=\"\" class=\"wp-image-42662\"\/><\/figure>\n","protected":false},"excerpt":{"rendered":"<p>Misa en la Alcaid\u00eda Penitenciaria Bat\u00e1n presidida por el Administrador Diocesano Pbro. Luis Alboniga Tuvo lugar en la APB, la misa de v\u00edsperas de Navidad que fue presidida por el Administrador diocesano, Pbro. Luis Alb\u00f3niga, en la que participaron las personas privadas de la libertad, acompa\u00f1ados por la Pastoral Carcelaria a cargo de la Capellana [&hellip;]<\/p>\n","protected":false},"author":4,"featured_media":42661,"comment_status":"open","ping_status":"open","sticky":false,"template":"","format":"standard","meta":{"_et_pb_use_builder":"","_et_pb_old_content":"","_et_gb_content_width":""},"categories":[4],"tags":[],"aioseo_notices":[],"_links":{"self":[{"href":"https:\/\/www.obispado-mdp.org.ar\/a\/wp-json\/wp\/v2\/posts\/42658"}],"collection":[{"href":"https:\/\/www.obispado-mdp.org.ar\/a\/wp-json\/wp\/v2\/posts"}],"about":[{"href":"https:\/\/www.obispado-mdp.org.ar\/a\/wp-json\/wp\/v2\/types\/post"}],"author":[{"embeddable":true,"href":"https:\/\/www.obispado-mdp.org.ar\/a\/wp-json\/wp\/v2\/users\/4"}],"replies":[{"embeddable":true,"href":"https:\/\/www.obispado-mdp.org.ar\/a\/wp-json\/wp\/v2\/comments?post=42658"}],"version-history":[{"count":3,"href":"https:\/\/www.obispado-mdp.org.ar\/a\/wp-json\/wp\/v2\/posts\/42658\/revisions"}],"predecessor-version":[{"id":42664,"href":"https:\/\/www.obispado-mdp.org.ar\/a\/wp-json\/wp\/v2\/posts\/42658\/revisions\/42664"}],"wp:featuredmedia":[{"embeddable":true,"href":"https:\/\/www.obispado-mdp.org.ar\/a\/wp-json\/wp\/v2\/media\/42661"}],"wp:attachment":[{"href":"https:\/\/www.obispado-mdp.org.ar\/a\/wp-json\/wp\/v2\/media?parent=42658"}],"wp:term":[{"taxonomy":"category","embeddable":true,"href":"https:\/\/www.obispado-mdp.org.ar\/a\/wp-json\/wp\/v2\/categories?post=42658"},{"taxonomy":"post_tag","embeddable":true,"href":"https:\/\/www.obispado-mdp.org.ar\/a\/wp-json\/wp\/v2\/tags?post=42658"}],"curies":[{"name":"wp","href":"https:\/\/api.w.org\/{rel}","templated":true}]}}