{"id":42678,"date":"2023-12-22T10:11:37","date_gmt":"2023-12-22T13:11:37","guid":{"rendered":"https:\/\/www.obispado-mdp.org.ar\/a\/?p=42678"},"modified":"2023-12-22T10:11:42","modified_gmt":"2023-12-22T13:11:42","slug":"inicio-ministerio-pastoral-del-nuevo-obispo","status":"publish","type":"post","link":"https:\/\/www.obispado-mdp.org.ar\/a\/inicio-ministerio-pastoral-del-nuevo-obispo\/","title":{"rendered":"INICIO MINISTERIO PASTORAL DEL NUEVO OBISPO."},"content":{"rendered":"\n<p class=\"has-pale-cyan-blue-background-color has-background\"><strong>El pr\u00f3ximo 20 de enero el Obispo electo de Mar del Plata, Mons Gustavo Larraz\u00e1bal, iniciar\u00e1 su Ministerio Pastoral en la diocesis. La celebraci\u00f3n inicial se realizar\u00e1 a las 18hs en la Iglesia Catedral.<\/strong><\/p>\n\n\n\n<p><\/p>\n\n\n\n<figure class=\"wp-block-image size-full\"><img loading=\"lazy\" width=\"940\" height=\"788\" src=\"https:\/\/www.obispado-mdp.org.ar\/a\/wp-content\/uploads\/2023\/12\/Inicio-sabado-20-de-enero-18hs.jpg\" alt=\"\" class=\"wp-image-42679\"\/><\/figure>\n","protected":false},"excerpt":{"rendered":"<p>El pr\u00f3ximo 20 de enero el Obispo electo de Mar del Plata, Mons Gustavo Larraz\u00e1bal, iniciar\u00e1 su Ministerio Pastoral en la diocesis. La celebraci\u00f3n inicial se realizar\u00e1 a las 18hs en la Iglesia Catedral.<\/p>\n","protected":false},"author":4,"featured_media":42680,"comment_status":"open","ping_status":"open","sticky":false,"template":"","format":"standard","meta":{"_et_pb_use_builder":"","_et_pb_old_content":"","_et_gb_content_width":""},"categories":[3,4],"tags":[],"aioseo_notices":[],"_links":{"self":[{"href":"https:\/\/www.obispado-mdp.org.ar\/a\/wp-json\/wp\/v2\/posts\/42678"}],"collection":[{"href":"https:\/\/www.obispado-mdp.org.ar\/a\/wp-json\/wp\/v2\/posts"}],"about":[{"href":"https:\/\/www.obispado-mdp.org.ar\/a\/wp-json\/wp\/v2\/types\/post"}],"author":[{"embeddable":true,"href":"https:\/\/www.obispado-mdp.org.ar\/a\/wp-json\/wp\/v2\/users\/4"}],"replies":[{"embeddable":true,"href":"https:\/\/www.obispado-mdp.org.ar\/a\/wp-json\/wp\/v2\/comments?post=42678"}],"version-history":[{"count":1,"href":"https:\/\/www.obispado-mdp.org.ar\/a\/wp-json\/wp\/v2\/posts\/42678\/revisions"}],"predecessor-version":[{"id":42681,"href":"https:\/\/www.obispado-mdp.org.ar\/a\/wp-json\/wp\/v2\/posts\/42678\/revisions\/42681"}],"wp:featuredmedia":[{"embeddable":true,"href":"https:\/\/www.obispado-mdp.org.ar\/a\/wp-json\/wp\/v2\/media\/42680"}],"wp:attachment":[{"href":"https:\/\/www.obispado-mdp.org.ar\/a\/wp-json\/wp\/v2\/media?parent=42678"}],"wp:term":[{"taxonomy":"category","embeddable":true,"href":"https:\/\/www.obispado-mdp.org.ar\/a\/wp-json\/wp\/v2\/categories?post=42678"},{"taxonomy":"post_tag","embeddable":true,"href":"https:\/\/www.obispado-mdp.org.ar\/a\/wp-json\/wp\/v2\/tags?post=42678"}],"curies":[{"name":"wp","href":"https:\/\/api.w.org\/{rel}","templated":true}]}}