{"id":42682,"date":"2023-12-23T07:30:00","date_gmt":"2023-12-23T10:30:00","guid":{"rendered":"https:\/\/www.obispado-mdp.org.ar\/a\/?p=42682"},"modified":"2023-12-22T13:23:33","modified_gmt":"2023-12-22T16:23:33","slug":"feliz-navidad-del-senor","status":"publish","type":"post","link":"https:\/\/www.obispado-mdp.org.ar\/a\/feliz-navidad-del-senor\/","title":{"rendered":"FELIZ NAVIDAD DEL SE\u00d1OR."},"content":{"rendered":"\n<p><strong> MENSAJE DEL ADMINISTRADOR DIOCESANO.<\/strong><br>   El pueblo que camina en tinieblas vio brillar una gran luz. Es la luz que irradia la presencia de Dios en medio de su pueblo. En medio de las dificultades de este fin de a\u00f1o tambi\u00e9n nosotros podemos descubrir el resplandor de esa luz que es Jesucristo, el Mes\u00edas, el Se\u00f1or. En esta Noche Buena, en esta Navidad, bajo el resplandor de esa luz que brilla en los rostros y los corazones, puedas descubrir a aquel que camina a tu lado, que podamos mirarnos, que podamos abrazarnos y que podamos desearnos esa paz, ese amor y ese calor que solo Dios nos puede dar. Que el Ni\u00f1o de Bel\u00e9n que se hace presente en cada coraz\u00f3n y en cada hogar te bendiga y te renueve con su amor.<\/p>\n\n\n\n<p>Pbro. Luis Alb\u00f3niga<br>Administrador diocesano<\/p>\n\n\n\n<figure class=\"wp-block-video\"><video controls src=\"https:\/\/www.obispado-mdp.org.ar\/a\/wp-content\/uploads\/2023\/12\/saludo-Navidad-2023.mov\"><\/video><\/figure>\n","protected":false},"excerpt":{"rendered":"<p>MENSAJE DEL ADMINISTRADOR DIOCESANO. El pueblo que camina en tinieblas vio brillar una gran luz. Es la luz que irradia la presencia de Dios en medio de su pueblo. En medio de las dificultades de este fin de a\u00f1o tambi\u00e9n nosotros podemos descubrir el resplandor de esa luz que es Jesucristo, el Mes\u00edas, el Se\u00f1or. [&hellip;]<\/p>\n","protected":false},"author":4,"featured_media":42684,"comment_status":"open","ping_status":"open","sticky":false,"template":"","format":"standard","meta":{"_et_pb_use_builder":"","_et_pb_old_content":"","_et_gb_content_width":""},"categories":[4],"tags":[],"aioseo_notices":[],"_links":{"self":[{"href":"https:\/\/www.obispado-mdp.org.ar\/a\/wp-json\/wp\/v2\/posts\/42682"}],"collection":[{"href":"https:\/\/www.obispado-mdp.org.ar\/a\/wp-json\/wp\/v2\/posts"}],"about":[{"href":"https:\/\/www.obispado-mdp.org.ar\/a\/wp-json\/wp\/v2\/types\/post"}],"author":[{"embeddable":true,"href":"https:\/\/www.obispado-mdp.org.ar\/a\/wp-json\/wp\/v2\/users\/4"}],"replies":[{"embeddable":true,"href":"https:\/\/www.obispado-mdp.org.ar\/a\/wp-json\/wp\/v2\/comments?post=42682"}],"version-history":[{"count":2,"href":"https:\/\/www.obispado-mdp.org.ar\/a\/wp-json\/wp\/v2\/posts\/42682\/revisions"}],"predecessor-version":[{"id":42687,"href":"https:\/\/www.obispado-mdp.org.ar\/a\/wp-json\/wp\/v2\/posts\/42682\/revisions\/42687"}],"wp:featuredmedia":[{"embeddable":true,"href":"https:\/\/www.obispado-mdp.org.ar\/a\/wp-json\/wp\/v2\/media\/42684"}],"wp:attachment":[{"href":"https:\/\/www.obispado-mdp.org.ar\/a\/wp-json\/wp\/v2\/media?parent=42682"}],"wp:term":[{"taxonomy":"category","embeddable":true,"href":"https:\/\/www.obispado-mdp.org.ar\/a\/wp-json\/wp\/v2\/categories?post=42682"},{"taxonomy":"post_tag","embeddable":true,"href":"https:\/\/www.obispado-mdp.org.ar\/a\/wp-json\/wp\/v2\/tags?post=42682"}],"curies":[{"name":"wp","href":"https:\/\/api.w.org\/{rel}","templated":true}]}}