{"id":42691,"date":"2024-02-03T18:30:00","date_gmt":"2024-02-03T21:30:00","guid":{"rendered":"https:\/\/www.obispado-mdp.org.ar\/a\/?p=42691"},"modified":"2023-12-22T19:36:31","modified_gmt":"2023-12-22T22:36:31","slug":"evangelio-segun-san-marcos-129-39-4","status":"publish","type":"post","link":"https:\/\/www.obispado-mdp.org.ar\/a\/evangelio-segun-san-marcos-129-39-4\/","title":{"rendered":"Evangelio seg\u00fan San\u00a0Marcos\u00a01,29-39."},"content":{"rendered":"\n<p>Jes\u00fas sali\u00f3 de la sinagoga, fue con Santiago y Juan a casa de Sim\u00f3n y Andr\u00e9s.<br>La suegra de Sim\u00f3n estaba en cama con fiebre, y se lo dijeron de inmediato.<br>El se acerc\u00f3, la tom\u00f3 de la mano y la hizo levantar. Entonces ella no tuvo m\u00e1s fiebre y se puso a servirlos.<br>Al atardecer, despu\u00e9s de ponerse el sol, le llevaron a todos los enfermos y endemoniados,<br>y la ciudad entera se reuni\u00f3 delante de la puerta.<br>Jes\u00fas cur\u00f3 a muchos enfermos, que sufr\u00edan de diversos males, y expuls\u00f3 a muchos demonios; pero a estos no los dejaba hablar, porque sab\u00edan qui\u00e9n era \u00e9l.<br>Por la ma\u00f1ana, antes que amaneciera, Jes\u00fas se levant\u00f3, sali\u00f3 y fue a un lugar desierto; all\u00ed estuvo orando.<br>Sim\u00f3n sali\u00f3 a buscarlo con sus compa\u00f1eros,<br>y cuando lo encontraron, le dijeron: \u00abTodos te andan buscando\u00bb.<br>El les respondi\u00f3: \u00abVayamos a otra parte, a predicar tambi\u00e9n en las poblaciones vecinas, porque para eso he salido\u00bb.<br>Y fue predicando en las sinagogas de toda la Galilea y expulsando demonios.<\/p>\n\n\n\n<p class=\"has-text-align-right\"><em>Extra\u00eddo de la Biblia: Libro del Pueblo de Dios. <\/em><\/p>\n","protected":false},"excerpt":{"rendered":"<p>Jes\u00fas sali\u00f3 de la sinagoga, fue con Santiago y Juan a casa de Sim\u00f3n y Andr\u00e9s.La suegra de Sim\u00f3n estaba en cama con fiebre, y se lo dijeron de inmediato.El se acerc\u00f3, la tom\u00f3 de la mano y la hizo levantar. Entonces ella no tuvo m\u00e1s fiebre y se puso a servirlos.Al atardecer, despu\u00e9s de [&hellip;]<\/p>\n","protected":false},"author":3,"featured_media":31456,"comment_status":"open","ping_status":"closed","sticky":false,"template":"","format":"standard","meta":{"_et_pb_use_builder":"off","_et_pb_old_content":"<!-- wp:paragraph -->\n<p> Al atardecer de ese mismo d\u00eda, el primero de la semana, estando cerradas las puertas del lugar donde se encontraban los disc\u00edpulos, por temor a los jud\u00edos, lleg\u00f3 Jes\u00fas y poni\u00e9ndose en medio de ellos, les dijo: \"\u00a1La paz est\u00e9 con ustedes!\".<br>Mientras dec\u00eda esto, les mostr\u00f3 sus manos y su costado. Los disc\u00edpulos se llenaron de alegr\u00eda cuando vieron al Se\u00f1or.<br>Jes\u00fas les dijo de nuevo: \"\u00a1La paz est\u00e9 con ustedes! Como el Padre me envi\u00f3 a m\u00ed, yo tambi\u00e9n los env\u00edo a ustedes\".<br>Al decirles esto, sopl\u00f3 sobre ellos y a\u00f1adi\u00f3: \"Reciban el Esp\u00edritu Santo.<br>Los pecados ser\u00e1n perdonados a los que ustedes se los perdonen, y ser\u00e1n retenidos a los que ustedes se los retengan\". <\/p>\n<!-- \/wp:paragraph -->\n\n<!-- wp:paragraph {\"align\":\"right\"} -->\n<p class=\"has-text-align-right\"><em>Extra\u00eddo de la Biblia: Libro del Pueblo de Dios. <\/em><\/p>\n<!-- \/wp:paragraph -->","_et_gb_content_width":""},"categories":[6],"tags":[],"aioseo_notices":[],"_links":{"self":[{"href":"https:\/\/www.obispado-mdp.org.ar\/a\/wp-json\/wp\/v2\/posts\/42691"}],"collection":[{"href":"https:\/\/www.obispado-mdp.org.ar\/a\/wp-json\/wp\/v2\/posts"}],"about":[{"href":"https:\/\/www.obispado-mdp.org.ar\/a\/wp-json\/wp\/v2\/types\/post"}],"author":[{"embeddable":true,"href":"https:\/\/www.obispado-mdp.org.ar\/a\/wp-json\/wp\/v2\/users\/3"}],"replies":[{"embeddable":true,"href":"https:\/\/www.obispado-mdp.org.ar\/a\/wp-json\/wp\/v2\/comments?post=42691"}],"version-history":[{"count":1,"href":"https:\/\/www.obispado-mdp.org.ar\/a\/wp-json\/wp\/v2\/posts\/42691\/revisions"}],"predecessor-version":[{"id":42692,"href":"https:\/\/www.obispado-mdp.org.ar\/a\/wp-json\/wp\/v2\/posts\/42691\/revisions\/42692"}],"wp:featuredmedia":[{"embeddable":true,"href":"https:\/\/www.obispado-mdp.org.ar\/a\/wp-json\/wp\/v2\/media\/31456"}],"wp:attachment":[{"href":"https:\/\/www.obispado-mdp.org.ar\/a\/wp-json\/wp\/v2\/media?parent=42691"}],"wp:term":[{"taxonomy":"category","embeddable":true,"href":"https:\/\/www.obispado-mdp.org.ar\/a\/wp-json\/wp\/v2\/categories?post=42691"},{"taxonomy":"post_tag","embeddable":true,"href":"https:\/\/www.obispado-mdp.org.ar\/a\/wp-json\/wp\/v2\/tags?post=42691"}],"curies":[{"name":"wp","href":"https:\/\/api.w.org\/{rel}","templated":true}]}}