{"id":42733,"date":"2024-02-24T18:30:00","date_gmt":"2024-02-24T21:30:00","guid":{"rendered":"https:\/\/www.obispado-mdp.org.ar\/a\/?p=42733"},"modified":"2023-12-22T20:02:39","modified_gmt":"2023-12-22T23:02:39","slug":"evangelio-segun-san-marcos-92-10-2","status":"publish","type":"post","link":"https:\/\/www.obispado-mdp.org.ar\/a\/evangelio-segun-san-marcos-92-10-2\/","title":{"rendered":"Evangelio seg\u00fan San\u00a0Marcos\u00a09,2-10."},"content":{"rendered":"\n<p>Seis d\u00edas despu\u00e9s, Jes\u00fas tom\u00f3 a Pedro, Santiago y Juan, y los llev\u00f3 a ellos solos a un monte elevado. All\u00ed se transfigur\u00f3 en presencia de ellos.<br>Sus vestiduras se volvieron resplandecientes, tan blancas como nadie en el mundo podr\u00eda blanquearlas.<br>Y se les aparecieron El\u00edas y Mois\u00e9s, conversando con Jes\u00fas.<br>Pedro dijo a Jes\u00fas: \u00abMaestro, \u00a1qu\u00e9 bien estamos aqu\u00ed! Hagamos tres carpas, una para ti, otra para Mois\u00e9s y otra para El\u00edas\u00bb.<br>Pedro no sab\u00eda qu\u00e9 decir, porque estaban llenos de temor.<br>Entonces una nube los cubri\u00f3 con su sombra, y sali\u00f3 de ella una voz: \u00abEste es mi Hijo muy querido, esc\u00fachenlo\u00bb.<br>De pronto miraron a su alrededor y no vieron a nadie, sino a Jes\u00fas solo con ellos.<br>Mientras bajaban del monte, Jes\u00fas les prohibi\u00f3 contar lo que hab\u00edan visto, hasta que el Hijo del hombre resucitara de entre los muertos.<br>Ellos cumplieron esta orden, pero se preguntaban qu\u00e9 significar\u00eda \u00abresucitar de entre los muertos\u00bb.<\/p>\n\n\n\n<p class=\"has-text-align-right\"><em>Extra\u00eddo de la Biblia: Libro del Pueblo de Dios. <\/em><\/p>\n","protected":false},"excerpt":{"rendered":"<p>Seis d\u00edas despu\u00e9s, Jes\u00fas tom\u00f3 a Pedro, Santiago y Juan, y los llev\u00f3 a ellos solos a un monte elevado. All\u00ed se transfigur\u00f3 en presencia de ellos.Sus vestiduras se volvieron resplandecientes, tan blancas como nadie en el mundo podr\u00eda blanquearlas.Y se les aparecieron El\u00edas y Mois\u00e9s, conversando con Jes\u00fas.Pedro dijo a Jes\u00fas: \u00abMaestro, \u00a1qu\u00e9 bien [&hellip;]<\/p>\n","protected":false},"author":3,"featured_media":31456,"comment_status":"open","ping_status":"closed","sticky":false,"template":"","format":"standard","meta":{"_et_pb_use_builder":"off","_et_pb_old_content":"<!-- wp:paragraph -->\n<p> Al atardecer de ese mismo d\u00eda, el primero de la semana, estando cerradas las puertas del lugar donde se encontraban los disc\u00edpulos, por temor a los jud\u00edos, lleg\u00f3 Jes\u00fas y poni\u00e9ndose en medio de ellos, les dijo: \"\u00a1La paz est\u00e9 con ustedes!\".<br>Mientras dec\u00eda esto, les mostr\u00f3 sus manos y su costado. Los disc\u00edpulos se llenaron de alegr\u00eda cuando vieron al Se\u00f1or.<br>Jes\u00fas les dijo de nuevo: \"\u00a1La paz est\u00e9 con ustedes! Como el Padre me envi\u00f3 a m\u00ed, yo tambi\u00e9n los env\u00edo a ustedes\".<br>Al decirles esto, sopl\u00f3 sobre ellos y a\u00f1adi\u00f3: \"Reciban el Esp\u00edritu Santo.<br>Los pecados ser\u00e1n perdonados a los que ustedes se los perdonen, y ser\u00e1n retenidos a los que ustedes se los retengan\". <\/p>\n<!-- \/wp:paragraph -->\n\n<!-- wp:paragraph {\"align\":\"right\"} -->\n<p class=\"has-text-align-right\"><em>Extra\u00eddo de la Biblia: Libro del Pueblo de Dios. <\/em><\/p>\n<!-- \/wp:paragraph -->","_et_gb_content_width":""},"categories":[6],"tags":[],"aioseo_notices":[],"_links":{"self":[{"href":"https:\/\/www.obispado-mdp.org.ar\/a\/wp-json\/wp\/v2\/posts\/42733"}],"collection":[{"href":"https:\/\/www.obispado-mdp.org.ar\/a\/wp-json\/wp\/v2\/posts"}],"about":[{"href":"https:\/\/www.obispado-mdp.org.ar\/a\/wp-json\/wp\/v2\/types\/post"}],"author":[{"embeddable":true,"href":"https:\/\/www.obispado-mdp.org.ar\/a\/wp-json\/wp\/v2\/users\/3"}],"replies":[{"embeddable":true,"href":"https:\/\/www.obispado-mdp.org.ar\/a\/wp-json\/wp\/v2\/comments?post=42733"}],"version-history":[{"count":1,"href":"https:\/\/www.obispado-mdp.org.ar\/a\/wp-json\/wp\/v2\/posts\/42733\/revisions"}],"predecessor-version":[{"id":42734,"href":"https:\/\/www.obispado-mdp.org.ar\/a\/wp-json\/wp\/v2\/posts\/42733\/revisions\/42734"}],"wp:featuredmedia":[{"embeddable":true,"href":"https:\/\/www.obispado-mdp.org.ar\/a\/wp-json\/wp\/v2\/media\/31456"}],"wp:attachment":[{"href":"https:\/\/www.obispado-mdp.org.ar\/a\/wp-json\/wp\/v2\/media?parent=42733"}],"wp:term":[{"taxonomy":"category","embeddable":true,"href":"https:\/\/www.obispado-mdp.org.ar\/a\/wp-json\/wp\/v2\/categories?post=42733"},{"taxonomy":"post_tag","embeddable":true,"href":"https:\/\/www.obispado-mdp.org.ar\/a\/wp-json\/wp\/v2\/tags?post=42733"}],"curies":[{"name":"wp","href":"https:\/\/api.w.org\/{rel}","templated":true}]}}