{"id":42755,"date":"2023-12-23T23:21:52","date_gmt":"2023-12-24T02:21:52","guid":{"rendered":"https:\/\/www.obispado-mdp.org.ar\/a\/?p=42755"},"modified":"2023-12-23T23:22:23","modified_gmt":"2023-12-24T02:22:23","slug":"misa-de-navidad-en-la-casa-de-libertad-y-misericordia","status":"publish","type":"post","link":"https:\/\/www.obispado-mdp.org.ar\/a\/misa-de-navidad-en-la-casa-de-libertad-y-misericordia\/","title":{"rendered":"NAVIDAD EN LA CASA DE LIBERTAD Y MISERICORDIA."},"content":{"rendered":"\n<p class=\"has-pale-cyan-blue-background-color has-background\">Celebramos la Misa de Navidad en la Casa de LIBERTAD y MISERICORDIA.<\/p>\n\n\n\n<p>La Misa fue presidida por el Administrador Diocesano, Padre P. Luis Alb\u00f3niga y estuvo acompa\u00f1ado por el seminarista Leo y con la presencia de todos los que hacen posible que el Hogar pueda estar al servicio de los que lo necesitan. Tambi\u00e9n celebramos el bautismo de Alexis uno de los integrantes de la Casa. Luego se realiz\u00f3 un almuerzo comunitario.<br>Fue una jornada de fiesta y alegr\u00eda.<br>En su homilia el P Luis dijo \u00abJes\u00fas nos hace libres, Jes\u00fas nos ama con misericordia, en esta Casa en este hogar puedes encontrar la verdadera libertad y experimentar el amor misericordioso de Jes\u00fas\u00bb. Y agreg\u00f3 \u00abEn el pesebre de Jes\u00fas ponemos nuestras vidas. Gracias a todos los que todo el a\u00f1o ponen sus vidas y su coraz\u00f3n al servicio\u00bb concluy\u00f3 el Administrador Diocesano.<\/p>\n\n\n\n<figure class=\"wp-container-2 wp-block-gallery-1 wp-block-gallery has-nested-images columns-default is-cropped\">\n<figure class=\"wp-block-image size-large\"><img loading=\"lazy\" width=\"1024\" height=\"768\" data-id=\"42758\"  src=\"https:\/\/www.obispado-mdp.org.ar\/a\/wp-content\/uploads\/2023\/12\/IMG-20231223-WA0006-1024x768.jpg\" alt=\"\" class=\"wp-image-42758\"\/><\/figure>\n\n\n\n<figure class=\"wp-block-image size-large\"><img loading=\"lazy\" width=\"1024\" height=\"768\" data-id=\"42761\"  src=\"https:\/\/www.obispado-mdp.org.ar\/a\/wp-content\/uploads\/2023\/12\/IMG-20231223-WA0007-1024x768.jpg\" alt=\"\" class=\"wp-image-42761\"\/><\/figure>\n\n\n\n<figure class=\"wp-block-image size-large\"><img loading=\"lazy\" width=\"1024\" height=\"768\" data-id=\"42762\"  src=\"https:\/\/www.obispado-mdp.org.ar\/a\/wp-content\/uploads\/2023\/12\/IMG-20231223-WA0009-1024x768.jpg\" alt=\"\" class=\"wp-image-42762\"\/><\/figure>\n\n\n\n<figure class=\"wp-block-image size-large\"><img loading=\"lazy\" width=\"1024\" height=\"768\" data-id=\"42760\"  src=\"https:\/\/www.obispado-mdp.org.ar\/a\/wp-content\/uploads\/2023\/12\/IMG-20231223-WA0011-1024x768.jpg\" alt=\"\" class=\"wp-image-42760\"\/><\/figure>\n\n\n\n<figure class=\"wp-block-image size-large\"><img loading=\"lazy\" width=\"1024\" height=\"768\" data-id=\"42756\"  src=\"https:\/\/www.obispado-mdp.org.ar\/a\/wp-content\/uploads\/2023\/12\/IMG-20231223-WA0012-1024x768.jpg\" alt=\"\" class=\"wp-image-42756\"\/><\/figure>\n\n\n\n<figure class=\"wp-block-image size-large\"><img loading=\"lazy\" width=\"1024\" height=\"768\" data-id=\"42765\"  src=\"https:\/\/www.obispado-mdp.org.ar\/a\/wp-content\/uploads\/2023\/12\/IMG-20231223-WA0014-1024x768.jpg\" alt=\"\" class=\"wp-image-42765\"\/><\/figure>\n\n\n\n<figure class=\"wp-block-image size-large\"><img loading=\"lazy\" width=\"1024\" height=\"768\" data-id=\"42764\"  src=\"https:\/\/www.obispado-mdp.org.ar\/a\/wp-content\/uploads\/2023\/12\/IMG-20231223-WA0013-1024x768.jpg\" alt=\"\" class=\"wp-image-42764\"\/><\/figure>\n\n\n\n<figure class=\"wp-block-image size-large\"><img loading=\"lazy\" width=\"1024\" height=\"768\" data-id=\"42759\"  src=\"https:\/\/www.obispado-mdp.org.ar\/a\/wp-content\/uploads\/2023\/12\/IMG-20231223-WA0005-1024x768.jpg\" alt=\"\" class=\"wp-image-42759\"\/><\/figure>\n\n\n\n<figure class=\"wp-block-image size-large\"><img loading=\"lazy\" width=\"1024\" height=\"768\" data-id=\"42757\"  src=\"https:\/\/www.obispado-mdp.org.ar\/a\/wp-content\/uploads\/2023\/12\/IMG-20231223-WA0016-1024x768.jpg\" alt=\"\" class=\"wp-image-42757\"\/><\/figure>\n\n\n\n<figure class=\"wp-block-image size-large\"><img loading=\"lazy\" width=\"768\" height=\"1024\" data-id=\"42763\"  src=\"https:\/\/www.obispado-mdp.org.ar\/a\/wp-content\/uploads\/2023\/12\/IMG-20231223-WA0010-768x1024.jpg\" alt=\"\" class=\"wp-image-42763\"\/><\/figure>\n<\/figure>\n","protected":false},"excerpt":{"rendered":"<p>Celebramos la Misa de Navidad en la Casa de LIBERTAD y MISERICORDIA. La Misa fue presidida por el Administrador Diocesano, Padre P. Luis Alb\u00f3niga y estuvo acompa\u00f1ado por el seminarista Leo y con la presencia de todos los que hacen posible que el Hogar pueda estar al servicio de los que lo necesitan. Tambi\u00e9n celebramos [&hellip;]<\/p>\n","protected":false},"author":4,"featured_media":42761,"comment_status":"open","ping_status":"open","sticky":false,"template":"","format":"standard","meta":{"_et_pb_use_builder":"","_et_pb_old_content":"","_et_gb_content_width":""},"categories":[4],"tags":[],"aioseo_notices":[],"_links":{"self":[{"href":"https:\/\/www.obispado-mdp.org.ar\/a\/wp-json\/wp\/v2\/posts\/42755"}],"collection":[{"href":"https:\/\/www.obispado-mdp.org.ar\/a\/wp-json\/wp\/v2\/posts"}],"about":[{"href":"https:\/\/www.obispado-mdp.org.ar\/a\/wp-json\/wp\/v2\/types\/post"}],"author":[{"embeddable":true,"href":"https:\/\/www.obispado-mdp.org.ar\/a\/wp-json\/wp\/v2\/users\/4"}],"replies":[{"embeddable":true,"href":"https:\/\/www.obispado-mdp.org.ar\/a\/wp-json\/wp\/v2\/comments?post=42755"}],"version-history":[{"count":2,"href":"https:\/\/www.obispado-mdp.org.ar\/a\/wp-json\/wp\/v2\/posts\/42755\/revisions"}],"predecessor-version":[{"id":42767,"href":"https:\/\/www.obispado-mdp.org.ar\/a\/wp-json\/wp\/v2\/posts\/42755\/revisions\/42767"}],"wp:featuredmedia":[{"embeddable":true,"href":"https:\/\/www.obispado-mdp.org.ar\/a\/wp-json\/wp\/v2\/media\/42761"}],"wp:attachment":[{"href":"https:\/\/www.obispado-mdp.org.ar\/a\/wp-json\/wp\/v2\/media?parent=42755"}],"wp:term":[{"taxonomy":"category","embeddable":true,"href":"https:\/\/www.obispado-mdp.org.ar\/a\/wp-json\/wp\/v2\/categories?post=42755"},{"taxonomy":"post_tag","embeddable":true,"href":"https:\/\/www.obispado-mdp.org.ar\/a\/wp-json\/wp\/v2\/tags?post=42755"}],"curies":[{"name":"wp","href":"https:\/\/api.w.org\/{rel}","templated":true}]}}