{"id":42775,"date":"2023-12-29T08:24:25","date_gmt":"2023-12-29T11:24:25","guid":{"rendered":"https:\/\/www.obispado-mdp.org.ar\/a\/?p=42775"},"modified":"2023-12-29T08:25:32","modified_gmt":"2023-12-29T11:25:32","slug":"los-misioneros-son-portadores-de-jesus","status":"publish","type":"post","link":"https:\/\/www.obispado-mdp.org.ar\/a\/los-misioneros-son-portadores-de-jesus\/","title":{"rendered":"LOS MISIONEROS SON PORTADORES DE JES\u00daS."},"content":{"rendered":"\n<p class=\"has-pale-cyan-blue-background-color has-background\"><strong>Se realiz\u00f3 en la Iglesia Catedral la Misa para dar Gracias Dios por las Misiones que se realizan en toda la di\u00f3cesis.<\/strong><\/p>\n\n\n\n<p>En el inicio de la celebraci\u00f3n presidida por el Administrador Diocesano Pbro. Luis Alb\u00f3niga, agradeci\u00f3 especialmente a todos los grupos de voluntarios misioneros que llevaron la palabra de Dios a todos los hogares y a los miembros del Secretariado de Evangelizaci\u00f3n Renovada que motivaron est\u00e1 iniciativa apost\u00f3lica. <a><\/a>Tambi\u00e9n destac\u00f3 la presencia de los j\u00f3venes misioneros que durante el verano peregrinar\u00e1n por distintos rincones de la di\u00f3cesis con el mensaje del Evangelio y otras acciones pastorales.<\/p>\n\n\n\n<p>Homilia<\/p>\n\n\n\n<p>En su homilia el P Luis dijo \u00abLos misioneros durante toda la historia fueron martirizados por dar testimonio de Jes\u00fas. Hoy la tarea misionera no requiere dar la vida o sufrir el martirio cruento. Los misioneros diocesanos que trabajan preparando el material, yendo a lugares inh\u00f3spitos, acompa\u00f1ando a los que necesitan una palabra de esperanza, llevando los sacramentos a lugares lejanos son hoy los nuevos m\u00e1rtires que llevan con alegr\u00eda el mensaje de Jes\u00fas a todos los rincones. Estos misioneros son portadores del mensaje de Jes\u00fas que llena nuestros corazones\u00bb finaliz\u00f3 el P Luis.<\/p>\n\n\n\n<p>Por \u00faltimo el P. Juan Cruz invit\u00f3 a las personas que realizaron una misi\u00f3n y a los j\u00f3venes que van a misionar en el verano a recibir la bendici\u00f3n del env\u00edo misionero.<\/p>\n\n\n\n<figure class=\"wp-container-2 wp-block-gallery-1 wp-block-gallery has-nested-images columns-default is-cropped\">\n<figure class=\"wp-block-image size-large\"><img loading=\"lazy\" width=\"1024\" height=\"768\" data-id=\"42776\"  src=\"https:\/\/www.obispado-mdp.org.ar\/a\/wp-content\/uploads\/2023\/12\/414156093_775136011308830_3438475694977946775_n-1024x768.jpg\" alt=\"\" class=\"wp-image-42776\"\/><\/figure>\n\n\n\n<figure class=\"wp-block-image size-large\"><img loading=\"lazy\" width=\"1024\" height=\"768\" data-id=\"42780\"  src=\"https:\/\/www.obispado-mdp.org.ar\/a\/wp-content\/uploads\/2023\/12\/414670829_775135484642216_1737869294707622024_n-1024x768.jpg\" alt=\"\" class=\"wp-image-42780\"\/><\/figure>\n\n\n\n<figure class=\"wp-block-image size-large\"><img loading=\"lazy\" width=\"1024\" height=\"768\" data-id=\"42782\"  src=\"https:\/\/www.obispado-mdp.org.ar\/a\/wp-content\/uploads\/2023\/12\/414670894_775135551308876_1287321870591769427_n-1024x768.jpg\" alt=\"\" class=\"wp-image-42782\"\/><\/figure>\n\n\n\n<figure class=\"wp-block-image size-large\"><img loading=\"lazy\" width=\"1024\" height=\"768\" data-id=\"42781\"  src=\"https:\/\/www.obispado-mdp.org.ar\/a\/wp-content\/uploads\/2023\/12\/414670976_775136067975491_4849571868955939347_n-1024x768.jpg\" alt=\"\" class=\"wp-image-42781\"\/><\/figure>\n\n\n\n<figure class=\"wp-block-image size-large\"><img loading=\"lazy\" width=\"1024\" height=\"768\" data-id=\"42778\"  src=\"https:\/\/www.obispado-mdp.org.ar\/a\/wp-content\/uploads\/2023\/12\/414680957_775136041308827_7263817769128275676_n-1024x768.jpg\" alt=\"\" class=\"wp-image-42778\"\/><\/figure>\n\n\n\n<figure class=\"wp-block-image size-large\"><img loading=\"lazy\" width=\"1024\" height=\"768\" data-id=\"42779\"  src=\"https:\/\/www.obispado-mdp.org.ar\/a\/wp-content\/uploads\/2023\/12\/414692218_775136141308817_7938377124802591185_n-1024x768.jpg\" alt=\"\" class=\"wp-image-42779\"\/><\/figure>\n\n\n\n<figure class=\"wp-block-image size-large\"><img loading=\"lazy\" width=\"1024\" height=\"768\" data-id=\"42777\"  src=\"https:\/\/www.obispado-mdp.org.ar\/a\/wp-content\/uploads\/2023\/12\/415519643_775136101308821_2699078916776499748_n-1024x768.jpg\" alt=\"\" class=\"wp-image-42777\"\/><\/figure>\n<\/figure>\n","protected":false},"excerpt":{"rendered":"<p>Se realiz\u00f3 en la Iglesia Catedral la Misa para dar Gracias Dios por las Misiones que se realizan en toda la di\u00f3cesis. En el inicio de la celebraci\u00f3n presidida por el Administrador Diocesano Pbro. Luis Alb\u00f3niga, agradeci\u00f3 especialmente a todos los grupos de voluntarios misioneros que llevaron la palabra de Dios a todos los hogares [&hellip;]<\/p>\n","protected":false},"author":4,"featured_media":42780,"comment_status":"open","ping_status":"open","sticky":false,"template":"","format":"standard","meta":{"_et_pb_use_builder":"","_et_pb_old_content":"","_et_gb_content_width":""},"categories":[4],"tags":[],"aioseo_notices":[],"_links":{"self":[{"href":"https:\/\/www.obispado-mdp.org.ar\/a\/wp-json\/wp\/v2\/posts\/42775"}],"collection":[{"href":"https:\/\/www.obispado-mdp.org.ar\/a\/wp-json\/wp\/v2\/posts"}],"about":[{"href":"https:\/\/www.obispado-mdp.org.ar\/a\/wp-json\/wp\/v2\/types\/post"}],"author":[{"embeddable":true,"href":"https:\/\/www.obispado-mdp.org.ar\/a\/wp-json\/wp\/v2\/users\/4"}],"replies":[{"embeddable":true,"href":"https:\/\/www.obispado-mdp.org.ar\/a\/wp-json\/wp\/v2\/comments?post=42775"}],"version-history":[{"count":1,"href":"https:\/\/www.obispado-mdp.org.ar\/a\/wp-json\/wp\/v2\/posts\/42775\/revisions"}],"predecessor-version":[{"id":42783,"href":"https:\/\/www.obispado-mdp.org.ar\/a\/wp-json\/wp\/v2\/posts\/42775\/revisions\/42783"}],"wp:featuredmedia":[{"embeddable":true,"href":"https:\/\/www.obispado-mdp.org.ar\/a\/wp-json\/wp\/v2\/media\/42780"}],"wp:attachment":[{"href":"https:\/\/www.obispado-mdp.org.ar\/a\/wp-json\/wp\/v2\/media?parent=42775"}],"wp:term":[{"taxonomy":"category","embeddable":true,"href":"https:\/\/www.obispado-mdp.org.ar\/a\/wp-json\/wp\/v2\/categories?post=42775"},{"taxonomy":"post_tag","embeddable":true,"href":"https:\/\/www.obispado-mdp.org.ar\/a\/wp-json\/wp\/v2\/tags?post=42775"}],"curies":[{"name":"wp","href":"https:\/\/api.w.org\/{rel}","templated":true}]}}