{"id":42791,"date":"2024-01-01T09:09:11","date_gmt":"2024-01-01T12:09:11","guid":{"rendered":"https:\/\/www.obispado-mdp.org.ar\/a\/?p=42791"},"modified":"2024-01-01T09:10:15","modified_gmt":"2024-01-01T12:10:15","slug":"obispos-de-argentina-renuncian-a-los-aportes-del-estado","status":"publish","type":"post","link":"https:\/\/www.obispado-mdp.org.ar\/a\/obispos-de-argentina-renuncian-a-los-aportes-del-estado\/","title":{"rendered":"OBISPOS DE ARGENTINA RENUNCIAN A LOS APORTES DEL ESTADO."},"content":{"rendered":"\n<p class=\"has-pale-cyan-blue-background-color has-background\"><strong>Concluye el proceso de renuncia a la asignaci\u00f3n prevista seg\u00fan Ley 21.950, as\u00ed lo informa la <a href=\"https:\/\/www.facebook.com\/ConferenciaEpiscopalArgentina?__cft__[0]=AZWgJAPgaGBjC9Iex7AlJLdWcDi2ckdN5WGb2kYeQr5sXU1gqUsMUKIoFzIig0IvqcLf_Ln6gDxWEDMuB9WPuiFuoUCOC1bm7maRc9S0Tx_ddTVnbPmVWpnxJ7mPFfBiYKqV-kRa-Uy8M_G_Kz1zz-Df8NrGuK2kmVsbaSanC1yaAFZ0HPrE5UqDNk0_5wxM7j0&amp;__tn__=-]K-R\">Conferencia Episcopal Argentina<\/a><\/strong><\/p>\n\n\n\n<p>La <a href=\"https:\/\/episcopado.org\/ver\/4058\" title=\"\">Conferencia Episcopal Argentina<\/a> comunica que el \u00faltimo d\u00eda h\u00e1bil de diciembre de 2023, concluye, conforme a lo establecido en Asamblea Plenaria e informado a la Secretar\u00eda de Culto, el proceso de renuncia de los arzobispos, obispos diocesanos y obispos auxiliares a la asignaci\u00f3n mensual prevista en la ley 21.950.<\/p>\n\n\n\n<p>A partir de consultas recibidas se <a><\/a>comunica tambi\u00e9n que en una resoluci\u00f3n del d\u00eda 26 de abril de 2023, el Ministerio de Relaciones Exteriores, Comercio Internacional y Culto en uso de sus facultades, dio lugar a que los arzobispos y obispos que hayan cesado en sus cargos por razones de edad o de invalidez puedan solicitar de manera particular, con una serie de requisitos, recibir el beneficio de la asignaci\u00f3n prevista en la ley.<\/p>\n\n\n\n<p><a href=\"https:\/\/servicios.infoleg.gob.ar\/infolegInternet\/anexos\/195000-199999\/196543\/norma.htm\" title=\"\"> La ley 21950\u00a0<\/a><strong>otorga a arzobispos y obispos una asignaci\u00f3n mensual mientras est\u00e1n en funciones del 80% de la remuneraci\u00f3n de los jueces nacionales de Primera instancia<\/strong>. El monto actual de la asignaci\u00f3n es de $ 98.000.-<\/p>\n\n\n\n<figure class=\"wp-block-image size-large\"><img loading=\"lazy\" width=\"1024\" height=\"528\" src=\"https:\/\/www.obispado-mdp.org.ar\/a\/wp-content\/uploads\/2024\/01\/CEA-24-1024x528.png\" alt=\"\" class=\"wp-image-42793\"\/><\/figure>\n","protected":false},"excerpt":{"rendered":"<p>Concluye el proceso de renuncia a la asignaci\u00f3n prevista seg\u00fan Ley 21.950, as\u00ed lo informa la Conferencia Episcopal Argentina La Conferencia Episcopal Argentina comunica que el \u00faltimo d\u00eda h\u00e1bil de diciembre de 2023, concluye, conforme a lo establecido en Asamblea Plenaria e informado a la Secretar\u00eda de Culto, el proceso de renuncia de los arzobispos, [&hellip;]<\/p>\n","protected":false},"author":4,"featured_media":0,"comment_status":"open","ping_status":"open","sticky":false,"template":"","format":"standard","meta":{"_et_pb_use_builder":"","_et_pb_old_content":"","_et_gb_content_width":""},"categories":[3],"tags":[],"aioseo_notices":[],"_links":{"self":[{"href":"https:\/\/www.obispado-mdp.org.ar\/a\/wp-json\/wp\/v2\/posts\/42791"}],"collection":[{"href":"https:\/\/www.obispado-mdp.org.ar\/a\/wp-json\/wp\/v2\/posts"}],"about":[{"href":"https:\/\/www.obispado-mdp.org.ar\/a\/wp-json\/wp\/v2\/types\/post"}],"author":[{"embeddable":true,"href":"https:\/\/www.obispado-mdp.org.ar\/a\/wp-json\/wp\/v2\/users\/4"}],"replies":[{"embeddable":true,"href":"https:\/\/www.obispado-mdp.org.ar\/a\/wp-json\/wp\/v2\/comments?post=42791"}],"version-history":[{"count":1,"href":"https:\/\/www.obispado-mdp.org.ar\/a\/wp-json\/wp\/v2\/posts\/42791\/revisions"}],"predecessor-version":[{"id":42794,"href":"https:\/\/www.obispado-mdp.org.ar\/a\/wp-json\/wp\/v2\/posts\/42791\/revisions\/42794"}],"wp:attachment":[{"href":"https:\/\/www.obispado-mdp.org.ar\/a\/wp-json\/wp\/v2\/media?parent=42791"}],"wp:term":[{"taxonomy":"category","embeddable":true,"href":"https:\/\/www.obispado-mdp.org.ar\/a\/wp-json\/wp\/v2\/categories?post=42791"},{"taxonomy":"post_tag","embeddable":true,"href":"https:\/\/www.obispado-mdp.org.ar\/a\/wp-json\/wp\/v2\/tags?post=42791"}],"curies":[{"name":"wp","href":"https:\/\/api.w.org\/{rel}","templated":true}]}}