{"id":42795,"date":"2024-01-02T08:00:00","date_gmt":"2024-01-02T11:00:00","guid":{"rendered":"https:\/\/www.obispado-mdp.org.ar\/a\/?p=42795"},"modified":"2024-01-02T08:41:38","modified_gmt":"2024-01-02T11:41:38","slug":"navidad-junto-al-lago-2","status":"publish","type":"post","link":"https:\/\/www.obispado-mdp.org.ar\/a\/navidad-junto-al-lago-2\/","title":{"rendered":"NAVIDAD JUNTO AL LAGO."},"content":{"rendered":"\n<p class=\"has-pale-cyan-blue-background-color has-background\"><strong>Llega Navidad Junto al Lago, un espect\u00e1culo nocturno \u00fanico a metros de Mar del Plata<\/strong><\/p>\n\n\n\n<ul><li><em>Los pr\u00f3ximos 5 y 6 de enero, la obra con m\u00e1s de 35 a\u00f1os de trayectoria tendr\u00e1 una nueva edici\u00f3n en la Estancia Santa Mar\u00eda de la Armon\u00eda<\/em><\/li><li><em>Mediante luz, imagen y sonido, m\u00e1s de 150 j\u00f3venes participan de una puesta en escena que cautiva a trav\u00e9s de la belleza<\/em><\/li><li><em>Una propuesta distinta para comenzar el a\u00f1o<\/em><\/li><\/ul>\n\n\n\n<p><strong>MAR CHIQUITA, diciembre\/enero de 2023 \u2013 <\/strong>Cuando el sol cae y la luna empieza a salir, cietos de personas se sientan en sus sillas o en el pasto, frente a un escenario natural de m\u00e1s de 200 metros. Mientras tanto, m\u00e1s de 150 j\u00f3venes se preparan para salir a escena, en un espect\u00e1culo de luz imagen y sonido que hace 35 a\u00f1os maravilla a cientos de personas que vienen del Partido de la Costa, Buenos Aires y de todo el interior del pa\u00eds. Es el inicio de Navidad Junto al Lago, una propuesta \u00fanica que vuelve con una nueva edici\u00f3n para empezar el a\u00f1o de forma distinta.<\/p>\n\n\n\n<p>\u201cNavidad Junto al Lago fue un antes y un despu\u00e9s en mi vida\u201d, dice Josefina, de 28 a\u00f1os. \u201cFue un encuentro que cautiv\u00f3 mi coraz\u00f3n\u201d, agrega Juli, de 35.&nbsp; La obra, ganadora de la menci\u00f3n Estrella de Mar y otros premios regionales, se celebra en la estancia Santa Mar\u00eda de la Armon\u00eda, sede de la Fundaci\u00f3n Cultural Argentina, y recorre los hechos m\u00e1s importantes de la vida de Jes\u00fas, desde su nacimiento hasta su Resurrecci\u00f3n.<\/p>\n\n\n\n<p>M\u00e1s de 150 j\u00f3venes de entre 15 y 25 a\u00f1os participan tanto del montaje como de la puesta en escena, acompa\u00f1ada de una columna sonora de excelencia y un despliegue tecnol\u00f3gico de luces. En esta ocasi\u00f3n, se llevar\u00e1 a cabo los pr\u00f3ximos 5 y 6 de enero en un escenario natural de m\u00e1s de 200 metros ubicado en el Km 382,5 de la Ruta 2 (Partido de Mar Chiquita), apenas a veinte minutos de Mar del Plata.<\/p>\n\n\n\n<p>Durante sus 35 a\u00f1os de trayectoria, miles de personas sin distinci\u00f3n de edad ni religi\u00f3n disfrutaron y se emocionaron con el espect\u00e1culo, que cobra vida apenas se pone el sol, para que el show lum\u00ednico y el sonido envuelvan al espectador en una experiencia a la que muchos calificaron como \u00fanica e irrepetible. Adem\u00e1s, en la previa a la obra, quienes asistan a la Armon\u00eda pueden disfrutar de una feria gastron\u00f3mica y de artesan\u00edas, hechas por los mismos j\u00f3venes de Navidad Junto al Lago, adem\u00e1s de un show de m\u00fasica.<\/p>\n\n\n\n<p><strong>Lo m\u00e1s importante de Navidad Junto al Lago<\/strong><\/p>\n\n\n\n<p>El espect\u00e1culo se hace en dos jornadas, pero su preparaci\u00f3n viene de mucho antes. Durante diez d\u00edas, j\u00f3venes de todo el pa\u00eds se re\u00fanen en Santa Mar\u00eda de la Armon\u00eda para una experiencia edificante, formativa e integral organizada por las Servidoras, un Instituto de vida consagrada de derecho pontificio, fundado en 1952, por el Sacerdote argentino y Siervo de Dios Luis Mar\u00eda Etcheverry Boneo.<\/p>\n\n\n\n<p>All\u00ed, trabajan en com\u00fan en distintos talleres \u2014que van desde Escenograf\u00eda y Jardiner\u00eda hasta Cocina y Artesan\u00edas, entre otros\u2014 que aprovechan las mejores capacidades y talentos de cada uno. En un clima de reflexi\u00f3n y espiritualidad profunda, los j\u00f3venes logran una puesta en escena que relaciona el mensaje evang\u00e9lico con la realidad de la vida actual.<\/p>\n\n\n\n<p>Navidad Junto al Lago no solo impacta en la vida de quienes lo ven en el espect\u00e1culo, sino tambi\u00e9n en los j\u00f3venes que lo hacen posible. Josefina, una joven de 28 a\u00f1os de Gualeguaych\u00fa, cuenta que NJL \u201cfue un antes y un despu\u00e9s\u201d: \u201cConoc\u00ed mucha gente de Buenos Aires, y ellos son los que invitaron a mi actual parroquia y comunidad\u201d. Ahora vuelve todos los a\u00f1os, en busca de \u201creafirmar ese amor para poder ser testigo de ello, tanto en el espect\u00e1culo como en mi vida en el a\u00f1o que comienza\u201d.<\/p>\n\n\n\n<p>Otro antes y despu\u00e9s fue el de Josefina y Federico, que se conocieron en Navidad Junto al Lago hace m\u00e1s de 15 a\u00f1os y hoy vuelven con su hija Luc\u00eda, de dos a\u00f1os. \u201cNavidad se fue convirtiendo en familia, en encuentro: entre nosotros, con amigos y con Dios. Ese encuentro y lo valioso que es, hace que elijamos seguir viniendo, juntemos energ\u00eda y nos organizamos para venir\u201d, afirma.<\/p>\n\n\n\n<p>A esto se suman Julieta y Luc\u00eda, Servidoras. Juli cuenta que \u201cNavidad Junto al Lago marc\u00f3 mi vida cristiana, un encuentro profundo con Jesucristo que cautiv\u00f3 mi coraz\u00f3n al punto de querer entregarle toda mi vida\u201d. \u201cNavidad a Navidad me di cuenta que eso que viv\u00eda 10 d\u00edas en el verano, no quer\u00eda que quede ah\u00ed; que quer\u00eda vivirlo todo el a\u00f1o y toda mi vida\u201d, agrega Luc\u00eda.<\/p>\n\n\n\n<p><strong><em><u>Acerca de Navidad Junto al Lago<\/u><\/em><\/strong><\/p>\n\n\n\n<p><em>Navidad Junto al Lago es un espect\u00e1culo de luz, sonido e imagen que cuenta con m\u00e1s de 35 a\u00f1os de trayectoria y se lleva adelante en un escenario natural, Santa Mar\u00eda de la Armon\u00eda, ubicado en el Km 382,5 de la Ruta 2, en el Partido de Mar Chiquita.<\/em><\/p>\n\n\n\n<p><em>La propuesta cobra vida y se sostiene por las Servidoras, un Instituto de vida consagrada de derecho pontificio, fundado en Buenos Aires, en 1952, por el Sacerdote argentino y Siervo de Dios:&nbsp; Cgo. Luis Mar\u00eda Etcheverry Boneo.<\/em><\/p>\n\n\n\n<p><em>Re\u00fane a m\u00e1s de 150 j\u00f3venes provenientes de distintos puntos del pa\u00eds en una experiencia edificante, formativa e integral, que \u2014en 10 d\u00edas de convivencia, trabajo en equipo y en un clima de reflexi\u00f3n y espiritualidad profunda\u2014 tiene como fin principal Evangelizar a trav\u00e9s de la belleza.<\/em><\/p>\n\n\n\n<p><strong><u>Datos \u00fatiles<\/u><\/strong><\/p>\n\n\n\n<ul><li><strong>Funciones:<\/strong> viernes 5 y s\u00e1bado 6 de enero.<\/li><li><strong>Ubicaci\u00f3n:<\/strong> Estancia Santa Mar\u00eda de la Armon\u00eda. Km 382,5 de la Ruta 2, Partido de Mar Chiquita.<\/li><li><strong>Horario: <\/strong>a partir de las 18hs se abren las puertas. A partir de las 20:30 (cuando se hace de noche) comienza el espect\u00e1culo.<\/li><li><strong>Duraci\u00f3n: <\/strong>120 minutos, aproximadamente.<\/li><li><strong>Entrada: <\/strong>bono contribuci\u00f3n de $1.500 para mayores y $1.000 para menores.<\/li><li>Se sugiere al p\u00fablico llevar sillas playeras, abrigo y repelente para insectos.<\/li><li><strong>Hay micros disponibles desde Mar del Plata, que salen desde Col\u00f3n y Tucum\u00e1n<\/strong><\/li><\/ul>\n\n\n\n<p><\/p>\n\n\n\n<figure class=\"wp-block-image size-large\"><img loading=\"lazy\" width=\"754\" height=\"1024\" src=\"https:\/\/www.obispado-mdp.org.ar\/a\/wp-content\/uploads\/2024\/01\/NAVIDAD-JUNTO-AL-LAGO-754x1024.jpg\" alt=\"\" class=\"wp-image-42796\"\/><\/figure>\n\n\n\n<figure class=\"wp-block-image size-large is-resized\"><img loading=\"lazy\" src=\"https:\/\/www.obispado-mdp.org.ar\/a\/wp-content\/uploads\/2024\/01\/NAVIDAD-LAGO1-823x1024.jpg\" alt=\"\" class=\"wp-image-42801\" width=\"756\" height=\"940\"\/><\/figure>\n","protected":false},"excerpt":{"rendered":"<p>Llega Navidad Junto al Lago, un espect\u00e1culo nocturno \u00fanico a metros de Mar del Plata Los pr\u00f3ximos 5 y 6 de enero, la obra con m\u00e1s de 35 a\u00f1os de trayectoria tendr\u00e1 una nueva edici\u00f3n en la Estancia Santa Mar\u00eda de la Armon\u00eda Mediante luz, imagen y sonido, m\u00e1s de 150 j\u00f3venes participan de una [&hellip;]<\/p>\n","protected":false},"author":4,"featured_media":42797,"comment_status":"open","ping_status":"open","sticky":false,"template":"","format":"standard","meta":{"_et_pb_use_builder":"","_et_pb_old_content":"","_et_gb_content_width":""},"categories":[4],"tags":[],"aioseo_notices":[],"_links":{"self":[{"href":"https:\/\/www.obispado-mdp.org.ar\/a\/wp-json\/wp\/v2\/posts\/42795"}],"collection":[{"href":"https:\/\/www.obispado-mdp.org.ar\/a\/wp-json\/wp\/v2\/posts"}],"about":[{"href":"https:\/\/www.obispado-mdp.org.ar\/a\/wp-json\/wp\/v2\/types\/post"}],"author":[{"embeddable":true,"href":"https:\/\/www.obispado-mdp.org.ar\/a\/wp-json\/wp\/v2\/users\/4"}],"replies":[{"embeddable":true,"href":"https:\/\/www.obispado-mdp.org.ar\/a\/wp-json\/wp\/v2\/comments?post=42795"}],"version-history":[{"count":3,"href":"https:\/\/www.obispado-mdp.org.ar\/a\/wp-json\/wp\/v2\/posts\/42795\/revisions"}],"predecessor-version":[{"id":42802,"href":"https:\/\/www.obispado-mdp.org.ar\/a\/wp-json\/wp\/v2\/posts\/42795\/revisions\/42802"}],"wp:featuredmedia":[{"embeddable":true,"href":"https:\/\/www.obispado-mdp.org.ar\/a\/wp-json\/wp\/v2\/media\/42797"}],"wp:attachment":[{"href":"https:\/\/www.obispado-mdp.org.ar\/a\/wp-json\/wp\/v2\/media?parent=42795"}],"wp:term":[{"taxonomy":"category","embeddable":true,"href":"https:\/\/www.obispado-mdp.org.ar\/a\/wp-json\/wp\/v2\/categories?post=42795"},{"taxonomy":"post_tag","embeddable":true,"href":"https:\/\/www.obispado-mdp.org.ar\/a\/wp-json\/wp\/v2\/tags?post=42795"}],"curies":[{"name":"wp","href":"https:\/\/api.w.org\/{rel}","templated":true}]}}