{"id":42804,"date":"2024-01-05T15:33:17","date_gmt":"2024-01-05T18:33:17","guid":{"rendered":"https:\/\/www.obispado-mdp.org.ar\/a\/?p=42804"},"modified":"2024-01-05T15:33:19","modified_gmt":"2024-01-05T18:33:19","slug":"mision-de-navidad-en-el-hospital-materno","status":"publish","type":"post","link":"https:\/\/www.obispado-mdp.org.ar\/a\/mision-de-navidad-en-el-hospital-materno\/","title":{"rendered":"MISI\u00d3N DE NAVIDAD EN EL HOSPITAL MATERNO."},"content":{"rendered":"\n<p>Integrantes de la catequesis de la parroquia Asunci\u00f3n de Mar\u00eda junto al padre Lucas y acompa\u00f1ados por las Damas Rosadas visitaron el hospital con el mensaje de los Reyes. <\/p>\n\n\n\n<p>Los voluntarios con cantos y mucha alegr\u00eda recorrieron el hospital acompa\u00f1ando a los ni\u00f1os internados, a los que esperaban asistencia, a los peque\u00f1os del jard\u00edn y a todo el personal!<\/p>\n\n\n\n<figure class=\"wp-container-2 wp-block-gallery-1 wp-block-gallery has-nested-images columns-default is-cropped\">\n<figure class=\"wp-block-image size-large\"><img loading=\"lazy\" width=\"1024\" height=\"721\" data-id=\"42810\"  src=\"https:\/\/www.obispado-mdp.org.ar\/a\/wp-content\/uploads\/2024\/01\/IMG-20240105-WA0007-1024x721.jpg\" alt=\"\" class=\"wp-image-42810\"\/><\/figure>\n\n\n\n<figure class=\"wp-block-image size-large\"><img loading=\"lazy\" width=\"576\" height=\"1024\" data-id=\"42806\"  src=\"https:\/\/www.obispado-mdp.org.ar\/a\/wp-content\/uploads\/2024\/01\/IMG-20240105-WA0005-576x1024.jpg\" alt=\"\" class=\"wp-image-42806\"\/><\/figure>\n\n\n\n<figure class=\"wp-block-image size-large\"><img loading=\"lazy\" width=\"576\" height=\"1024\" data-id=\"42811\"  src=\"https:\/\/www.obispado-mdp.org.ar\/a\/wp-content\/uploads\/2024\/01\/IMG-20240105-WA0006-576x1024.jpg\" alt=\"\" class=\"wp-image-42811\"\/><\/figure>\n\n\n\n<figure class=\"wp-block-image size-large\"><img loading=\"lazy\" width=\"576\" height=\"1024\" data-id=\"42805\"  src=\"https:\/\/www.obispado-mdp.org.ar\/a\/wp-content\/uploads\/2024\/01\/IMG-20240105-WA0008-576x1024.jpg\" alt=\"\" class=\"wp-image-42805\"\/><\/figure>\n\n\n\n<figure class=\"wp-block-image size-large\"><img loading=\"lazy\" width=\"1024\" height=\"576\" data-id=\"42808\"  src=\"https:\/\/www.obispado-mdp.org.ar\/a\/wp-content\/uploads\/2024\/01\/IMG-20240105-WA0003-1024x576.jpg\" alt=\"\" class=\"wp-image-42808\"\/><\/figure>\n\n\n\n<figure class=\"wp-block-image size-large\"><img loading=\"lazy\" width=\"576\" height=\"1024\" data-id=\"42809\"  src=\"https:\/\/www.obispado-mdp.org.ar\/a\/wp-content\/uploads\/2024\/01\/IMG-20240105-WA0004-576x1024.jpg\" alt=\"\" class=\"wp-image-42809\"\/><\/figure>\n\n\n\n<figure class=\"wp-block-image size-large\"><img loading=\"lazy\" width=\"576\" height=\"1024\" data-id=\"42807\"  src=\"https:\/\/www.obispado-mdp.org.ar\/a\/wp-content\/uploads\/2024\/01\/IMG-20240105-WA0002-576x1024.jpg\" alt=\"\" class=\"wp-image-42807\"\/><\/figure>\n<\/figure>\n\n\n\n<figure class=\"wp-container-4 wp-block-gallery-3 wp-block-gallery has-nested-images columns-default is-cropped\"><\/figure>\n\n\n\n<figure class=\"wp-block-embed\"><div class=\"wp-block-embed__wrapper\">\nhttps:\/\/m.facebook.com\/story.php?story_fbid=pfbid03Kq8eSfMo8QHWLuvnAmVmPtx4xXgcYhUjieSzZmrnrEAu2oyw7eDHEDSXktT7tTgl&#038;id=100064373154326&#038;mibextid=UyTHkb\n<\/div><\/figure>\n","protected":false},"excerpt":{"rendered":"<p>Integrantes de la catequesis de la parroquia Asunci\u00f3n de Mar\u00eda junto al padre Lucas y acompa\u00f1ados por las Damas Rosadas visitaron el hospital con el mensaje de los Reyes. Los voluntarios con cantos y mucha alegr\u00eda recorrieron el hospital acompa\u00f1ando a los ni\u00f1os internados, a los que esperaban asistencia, a los peque\u00f1os del jard\u00edn y [&hellip;]<\/p>\n","protected":false},"author":4,"featured_media":42810,"comment_status":"open","ping_status":"open","sticky":false,"template":"","format":"standard","meta":{"_et_pb_use_builder":"","_et_pb_old_content":"","_et_gb_content_width":""},"categories":[4],"tags":[],"aioseo_notices":[],"_links":{"self":[{"href":"https:\/\/www.obispado-mdp.org.ar\/a\/wp-json\/wp\/v2\/posts\/42804"}],"collection":[{"href":"https:\/\/www.obispado-mdp.org.ar\/a\/wp-json\/wp\/v2\/posts"}],"about":[{"href":"https:\/\/www.obispado-mdp.org.ar\/a\/wp-json\/wp\/v2\/types\/post"}],"author":[{"embeddable":true,"href":"https:\/\/www.obispado-mdp.org.ar\/a\/wp-json\/wp\/v2\/users\/4"}],"replies":[{"embeddable":true,"href":"https:\/\/www.obispado-mdp.org.ar\/a\/wp-json\/wp\/v2\/comments?post=42804"}],"version-history":[{"count":2,"href":"https:\/\/www.obispado-mdp.org.ar\/a\/wp-json\/wp\/v2\/posts\/42804\/revisions"}],"predecessor-version":[{"id":42813,"href":"https:\/\/www.obispado-mdp.org.ar\/a\/wp-json\/wp\/v2\/posts\/42804\/revisions\/42813"}],"wp:featuredmedia":[{"embeddable":true,"href":"https:\/\/www.obispado-mdp.org.ar\/a\/wp-json\/wp\/v2\/media\/42810"}],"wp:attachment":[{"href":"https:\/\/www.obispado-mdp.org.ar\/a\/wp-json\/wp\/v2\/media?parent=42804"}],"wp:term":[{"taxonomy":"category","embeddable":true,"href":"https:\/\/www.obispado-mdp.org.ar\/a\/wp-json\/wp\/v2\/categories?post=42804"},{"taxonomy":"post_tag","embeddable":true,"href":"https:\/\/www.obispado-mdp.org.ar\/a\/wp-json\/wp\/v2\/tags?post=42804"}],"curies":[{"name":"wp","href":"https:\/\/api.w.org\/{rel}","templated":true}]}}