{"id":42814,"date":"2024-01-06T08:34:19","date_gmt":"2024-01-06T11:34:19","guid":{"rendered":"https:\/\/www.obispado-mdp.org.ar\/a\/?p=42814"},"modified":"2024-01-06T08:35:24","modified_gmt":"2024-01-06T11:35:24","slug":"celebracion-de-reyes-en-batan","status":"publish","type":"post","link":"https:\/\/www.obispado-mdp.org.ar\/a\/celebracion-de-reyes-en-batan\/","title":{"rendered":"CELEBRACI\u00d3N DE REYES EN BAT\u00c1N."},"content":{"rendered":"\n<p class=\"has-pale-cyan-blue-background-color has-background\">  <strong>Se realiz\u00f3 en la Alcaid\u00eda Penitenciaria Bat\u00e1n la celebraci\u00f3n del d\u00eda de Reyes organizado por la Pastoral Carcelaria con una Misa y visita a las personas privadas de la libertad.<\/strong><\/p>\n\n\n\n<p>  Esta se celebra el 6 de enero porque la adoraci\u00f3n de los dos Reyes Magos se produjo 13 d\u00edas despu\u00e9s del nacimiento de Cristo, lo que marca el inicio de la Epifan\u00eda, es decir, la aparici\u00f3n y manifestaci\u00f3n del hijo de Dios al mundo entero.<\/p>\n\n\n\n<p>El padre Sebasti\u00e1n Vercellone ley\u00f3 el vers\u00edculo Mateo 2 de la biblia el cual habla de la visita de los Reyes al pesebre de Bel\u00e9n.<\/p>\n\n\n\n<p>La comitiva de la pastoral realiz\u00f3 una recorrida llevando la bendici\u00f3n por el sector de administraci\u00f3n, donde los recibi\u00f3 el Subdirector de Asistencia y Tratamiento, Germ\u00e1n Rodr\u00edguez, para luego finalizar por los pabellones pidiendo por un a\u00f1o nuevo lleno de consagraci\u00f3n.<\/p>\n\n\n\n<p>Asimismo la hermana Helena Kuc le propuso a los internos reflexionar sobre qu\u00e9 don pueden ofrecerle al ni\u00f1o Jes\u00fas. Luego todos participaron de la misa donde cantaron y oraron para poder encontrar la paz en sus corazones.<\/p>\n\n\n\n<p>Para finalizar se les hizo entrega de unos dulces y facturas despidi\u00e9ndose de los mismos.<\/p>\n\n\n\n<p>Fuente: Servicio Penitenciario<\/p>\n\n\n\n<figure class=\"wp-container-2 wp-block-gallery-1 wp-block-gallery has-nested-images columns-default is-cropped\">\n<figure class=\"wp-block-image size-large\"><img loading=\"lazy\" width=\"1024\" height=\"768\" data-id=\"42816\"  src=\"https:\/\/www.obispado-mdp.org.ar\/a\/wp-content\/uploads\/2024\/01\/1c0614e8-3ff3-453d-84f7-4df0ddda28ed-1024x768.jpg\" alt=\"\" class=\"wp-image-42816\"\/><\/figure>\n\n\n\n<figure class=\"wp-block-image size-large\"><img loading=\"lazy\" width=\"1024\" height=\"768\" data-id=\"42818\"  src=\"https:\/\/www.obispado-mdp.org.ar\/a\/wp-content\/uploads\/2024\/01\/03b2199b-bd5f-40b0-b28f-59c781c2210e-1024x768.jpg\" alt=\"\" class=\"wp-image-42818\"\/><\/figure>\n\n\n\n<figure class=\"wp-block-image size-large\"><img loading=\"lazy\" width=\"1024\" height=\"768\" data-id=\"42817\"  src=\"https:\/\/www.obispado-mdp.org.ar\/a\/wp-content\/uploads\/2024\/01\/8b8ffde2-85ac-48f2-bbad-b236c95ca360-1024x768.jpg\" alt=\"\" class=\"wp-image-42817\"\/><\/figure>\n\n\n\n<figure class=\"wp-block-image size-large\"><img loading=\"lazy\" width=\"1024\" height=\"768\" data-id=\"42822\"  src=\"https:\/\/www.obispado-mdp.org.ar\/a\/wp-content\/uploads\/2024\/01\/35a09aa2-1973-4c56-9ecd-b66e7a99723f-1024x768.jpg\" alt=\"\" class=\"wp-image-42822\"\/><\/figure>\n\n\n\n<figure class=\"wp-block-image size-large\"><img loading=\"lazy\" width=\"768\" height=\"1024\" data-id=\"42823\"  src=\"https:\/\/www.obispado-mdp.org.ar\/a\/wp-content\/uploads\/2024\/01\/58c81833-9530-4ec0-a3d7-c4e2c7df389e-768x1024.jpg\" alt=\"\" class=\"wp-image-42823\"\/><\/figure>\n\n\n\n<figure class=\"wp-block-image size-large\"><img loading=\"lazy\" width=\"768\" height=\"1024\" data-id=\"42819\"  src=\"https:\/\/www.obispado-mdp.org.ar\/a\/wp-content\/uploads\/2024\/01\/0708a889-8e42-4ad5-a114-9290773231ba-768x1024.jpg\" alt=\"\" class=\"wp-image-42819\"\/><\/figure>\n\n\n\n<figure class=\"wp-block-image size-large\"><img loading=\"lazy\" width=\"1024\" height=\"768\" data-id=\"42821\"  src=\"https:\/\/www.obispado-mdp.org.ar\/a\/wp-content\/uploads\/2024\/01\/76521525-1e07-4078-b7dd-45a87e8cdea3-1024x768.jpg\" alt=\"\" class=\"wp-image-42821\"\/><\/figure>\n\n\n\n<figure class=\"wp-block-image size-large\"><img loading=\"lazy\" width=\"1024\" height=\"768\" data-id=\"42820\"  src=\"https:\/\/www.obispado-mdp.org.ar\/a\/wp-content\/uploads\/2024\/01\/b0d9f9fc-ecd8-4f3e-b4a3-fe9772d00530-1024x768.jpg\" alt=\"\" class=\"wp-image-42820\"\/><\/figure>\n\n\n\n<figure class=\"wp-block-image size-large\"><img loading=\"lazy\" width=\"768\" height=\"1024\" data-id=\"42815\"  src=\"https:\/\/www.obispado-mdp.org.ar\/a\/wp-content\/uploads\/2024\/01\/c755ec5d-73a1-4b1e-a2cd-ff24c699cd6f-768x1024.jpg\" alt=\"\" class=\"wp-image-42815\"\/><\/figure>\n\n\n\n<figure class=\"wp-block-image size-large\"><img loading=\"lazy\" width=\"1024\" height=\"768\" data-id=\"42824\"  src=\"https:\/\/www.obispado-mdp.org.ar\/a\/wp-content\/uploads\/2024\/01\/d8e91a24-fc7c-4b7b-a173-13d520cbe143-1024x768.jpg\" alt=\"\" class=\"wp-image-42824\"\/><\/figure>\n<\/figure>\n","protected":false},"excerpt":{"rendered":"<p>Se realiz\u00f3 en la Alcaid\u00eda Penitenciaria Bat\u00e1n la celebraci\u00f3n del d\u00eda de Reyes organizado por la Pastoral Carcelaria con una Misa y visita a las personas privadas de la libertad. Esta se celebra el 6 de enero porque la adoraci\u00f3n de los dos Reyes Magos se produjo 13 d\u00edas despu\u00e9s del nacimiento de Cristo, lo [&hellip;]<\/p>\n","protected":false},"author":4,"featured_media":42822,"comment_status":"open","ping_status":"open","sticky":false,"template":"","format":"standard","meta":{"_et_pb_use_builder":"","_et_pb_old_content":"","_et_gb_content_width":""},"categories":[4],"tags":[],"aioseo_notices":[],"_links":{"self":[{"href":"https:\/\/www.obispado-mdp.org.ar\/a\/wp-json\/wp\/v2\/posts\/42814"}],"collection":[{"href":"https:\/\/www.obispado-mdp.org.ar\/a\/wp-json\/wp\/v2\/posts"}],"about":[{"href":"https:\/\/www.obispado-mdp.org.ar\/a\/wp-json\/wp\/v2\/types\/post"}],"author":[{"embeddable":true,"href":"https:\/\/www.obispado-mdp.org.ar\/a\/wp-json\/wp\/v2\/users\/4"}],"replies":[{"embeddable":true,"href":"https:\/\/www.obispado-mdp.org.ar\/a\/wp-json\/wp\/v2\/comments?post=42814"}],"version-history":[{"count":2,"href":"https:\/\/www.obispado-mdp.org.ar\/a\/wp-json\/wp\/v2\/posts\/42814\/revisions"}],"predecessor-version":[{"id":42827,"href":"https:\/\/www.obispado-mdp.org.ar\/a\/wp-json\/wp\/v2\/posts\/42814\/revisions\/42827"}],"wp:featuredmedia":[{"embeddable":true,"href":"https:\/\/www.obispado-mdp.org.ar\/a\/wp-json\/wp\/v2\/media\/42822"}],"wp:attachment":[{"href":"https:\/\/www.obispado-mdp.org.ar\/a\/wp-json\/wp\/v2\/media?parent=42814"}],"wp:term":[{"taxonomy":"category","embeddable":true,"href":"https:\/\/www.obispado-mdp.org.ar\/a\/wp-json\/wp\/v2\/categories?post=42814"},{"taxonomy":"post_tag","embeddable":true,"href":"https:\/\/www.obispado-mdp.org.ar\/a\/wp-json\/wp\/v2\/tags?post=42814"}],"curies":[{"name":"wp","href":"https:\/\/api.w.org\/{rel}","templated":true}]}}