{"id":42840,"date":"2024-03-07T18:30:00","date_gmt":"2024-03-07T21:30:00","guid":{"rendered":"https:\/\/www.obispado-mdp.org.ar\/a\/?p=42840"},"modified":"2024-01-08T11:47:14","modified_gmt":"2024-01-08T14:47:14","slug":"evangelio-segun-san-marcos-1228b-34-3","status":"publish","type":"post","link":"https:\/\/www.obispado-mdp.org.ar\/a\/evangelio-segun-san-marcos-1228b-34-3\/","title":{"rendered":"Evangelio seg\u00fan San\u00a0Marcos\u00a012,28b-34."},"content":{"rendered":"\n<p>Un escriba se acerc\u00f3 a Jes\u00fas y le pregunt\u00f3: \u00ab\u00bfCu\u00e1l es el primero de los mandamientos?\u00bb.<br>Jes\u00fas respondi\u00f3: \u00abEl primero es: Escucha, Israel: el Se\u00f1or nuestro Dios es el \u00fanico Se\u00f1or;<br>y t\u00fa amar\u00e1s al Se\u00f1or, tu Dios, con todo tu coraz\u00f3n y con toda tu alma, con todo tu esp\u00edritu y con todas tus fuerzas.<br>El segundo es: Amar\u00e1s a tu pr\u00f3jimo como a t\u00ed mismo. No hay otro mandamiento m\u00e1s grande que estos\u00bb.<br>El escriba le dijo: \u00abMuy bien, Maestro, tienes raz\u00f3n al decir que hay un solo Dios y no hay otro m\u00e1s que \u00e9l,<br>y que amarlo con todo el coraz\u00f3n, con toda la inteligencia y con todas las fuerzas, y amar al pr\u00f3jimo como a s\u00ed mismo, vale m\u00e1s que todos los holocaustos y todos los sacrificios\u00bb.<br>Jes\u00fas, al ver que hab\u00eda respondido tan acertadamente, le dijo: \u00abT\u00fa no est\u00e1s lejos del Reino de Dios\u00bb. Y nadie se atrevi\u00f3 a hacerle m\u00e1s preguntas.<\/p>\n\n\n\n<p class=\"has-text-align-right\"><em>Extra\u00eddo de la Biblia: Libro del Pueblo de Dios. <\/em><\/p>\n","protected":false},"excerpt":{"rendered":"<p>Un escriba se acerc\u00f3 a Jes\u00fas y le pregunt\u00f3: \u00ab\u00bfCu\u00e1l es el primero de los mandamientos?\u00bb.Jes\u00fas respondi\u00f3: \u00abEl primero es: Escucha, Israel: el Se\u00f1or nuestro Dios es el \u00fanico Se\u00f1or;y t\u00fa amar\u00e1s al Se\u00f1or, tu Dios, con todo tu coraz\u00f3n y con toda tu alma, con todo tu esp\u00edritu y con todas tus fuerzas.El segundo [&hellip;]<\/p>\n","protected":false},"author":3,"featured_media":31455,"comment_status":"open","ping_status":"closed","sticky":false,"template":"","format":"standard","meta":{"_et_pb_use_builder":"off","_et_pb_old_content":"<!-- wp:paragraph -->\n<p> Al atardecer de ese mismo d\u00eda, el primero de la semana, estando cerradas las puertas del lugar donde se encontraban los disc\u00edpulos, por temor a los jud\u00edos, lleg\u00f3 Jes\u00fas y poni\u00e9ndose en medio de ellos, les dijo: \"\u00a1La paz est\u00e9 con ustedes!\".<br>Mientras dec\u00eda esto, les mostr\u00f3 sus manos y su costado. Los disc\u00edpulos se llenaron de alegr\u00eda cuando vieron al Se\u00f1or.<br>Jes\u00fas les dijo de nuevo: \"\u00a1La paz est\u00e9 con ustedes! Como el Padre me envi\u00f3 a m\u00ed, yo tambi\u00e9n los env\u00edo a ustedes\".<br>Al decirles esto, sopl\u00f3 sobre ellos y a\u00f1adi\u00f3: \"Reciban el Esp\u00edritu Santo.<br>Los pecados ser\u00e1n perdonados a los que ustedes se los perdonen, y ser\u00e1n retenidos a los que ustedes se los retengan\". <\/p>\n<!-- \/wp:paragraph -->\n\n<!-- wp:paragraph {\"align\":\"right\"} -->\n<p class=\"has-text-align-right\"><em>Extra\u00eddo de la Biblia: Libro del Pueblo de Dios. <\/em><\/p>\n<!-- \/wp:paragraph -->","_et_gb_content_width":""},"categories":[6],"tags":[],"aioseo_notices":[],"_links":{"self":[{"href":"https:\/\/www.obispado-mdp.org.ar\/a\/wp-json\/wp\/v2\/posts\/42840"}],"collection":[{"href":"https:\/\/www.obispado-mdp.org.ar\/a\/wp-json\/wp\/v2\/posts"}],"about":[{"href":"https:\/\/www.obispado-mdp.org.ar\/a\/wp-json\/wp\/v2\/types\/post"}],"author":[{"embeddable":true,"href":"https:\/\/www.obispado-mdp.org.ar\/a\/wp-json\/wp\/v2\/users\/3"}],"replies":[{"embeddable":true,"href":"https:\/\/www.obispado-mdp.org.ar\/a\/wp-json\/wp\/v2\/comments?post=42840"}],"version-history":[{"count":1,"href":"https:\/\/www.obispado-mdp.org.ar\/a\/wp-json\/wp\/v2\/posts\/42840\/revisions"}],"predecessor-version":[{"id":42841,"href":"https:\/\/www.obispado-mdp.org.ar\/a\/wp-json\/wp\/v2\/posts\/42840\/revisions\/42841"}],"wp:featuredmedia":[{"embeddable":true,"href":"https:\/\/www.obispado-mdp.org.ar\/a\/wp-json\/wp\/v2\/media\/31455"}],"wp:attachment":[{"href":"https:\/\/www.obispado-mdp.org.ar\/a\/wp-json\/wp\/v2\/media?parent=42840"}],"wp:term":[{"taxonomy":"category","embeddable":true,"href":"https:\/\/www.obispado-mdp.org.ar\/a\/wp-json\/wp\/v2\/categories?post=42840"},{"taxonomy":"post_tag","embeddable":true,"href":"https:\/\/www.obispado-mdp.org.ar\/a\/wp-json\/wp\/v2\/tags?post=42840"}],"curies":[{"name":"wp","href":"https:\/\/api.w.org\/{rel}","templated":true}]}}