{"id":42846,"date":"2024-03-10T18:30:00","date_gmt":"2024-03-10T21:30:00","guid":{"rendered":"https:\/\/www.obispado-mdp.org.ar\/a\/?p=42846"},"modified":"2024-01-08T11:50:24","modified_gmt":"2024-01-08T14:50:24","slug":"evangelio-segun-san-juan-443-54","status":"publish","type":"post","link":"https:\/\/www.obispado-mdp.org.ar\/a\/evangelio-segun-san-juan-443-54\/","title":{"rendered":"Evangelio seg\u00fan San\u00a0Juan\u00a04,43-54."},"content":{"rendered":"\n<p>Jes\u00fas parti\u00f3 hacia Galilea.<br>El mismo hab\u00eda declarado que un profeta no goza de prestigio en su propio pueblo.<br>Pero cuando lleg\u00f3, los galileos lo recibieron bien, porque hab\u00edan visto todo lo que hab\u00eda hecho en Jerusal\u00e9n durante la Pascua; ellos tambi\u00e9n, en efecto, hab\u00edan ido a la fiesta.<br>Y fue otra vez a Can\u00e1 de Galilea, donde hab\u00eda convertido el agua en vino. Hab\u00eda all\u00ed un funcionario real, que ten\u00eda su hijo enfermo en Cafarna\u00fan.<br>Cuando supo que Jes\u00fas hab\u00eda llegado de Judea y se encontraba en Galilea, fue a verlo y le suplic\u00f3 que bajara a curar a su hijo moribundo.<br>Jes\u00fas le dijo: \u00abSi no ven signos y prodigios, ustedes no creen\u00bb.<br>El funcionario le respondi\u00f3: \u00abSe\u00f1or, baja antes que mi hijo se muera\u00bb.<br>\u00abVuelve a tu casa, tu hijo vive\u00bb, le dijo Jes\u00fas. El hombre crey\u00f3 en la palabra que Jes\u00fas le hab\u00eda dicho y se puso en camino.<br>Mientras descend\u00eda, le salieron al encuentro sus servidores y le anunciaron que su hijo viv\u00eda.<br>El les pregunt\u00f3 a qu\u00e9 hora se hab\u00eda sentido mejor. \u00abAyer, a la una de la tarde, se le fue la fiebre\u00bb, le respondieron.<br>El padre record\u00f3 que era la misma hora en que Jes\u00fas le hab\u00eda dicho: \u00abTu hijo vive\u00bb. Y entonces crey\u00f3 \u00e9l y toda su familia.<br>Este fue el segundo signo que hizo Jes\u00fas cuando volvi\u00f3 de Judea a Galilea.<\/p>\n\n\n\n<p class=\"has-text-align-right\"><em>Extra\u00eddo de la Biblia: Libro del Pueblo de Dios. <\/em><\/p>\n","protected":false},"excerpt":{"rendered":"<p>Jes\u00fas parti\u00f3 hacia Galilea.El mismo hab\u00eda declarado que un profeta no goza de prestigio en su propio pueblo.Pero cuando lleg\u00f3, los galileos lo recibieron bien, porque hab\u00edan visto todo lo que hab\u00eda hecho en Jerusal\u00e9n durante la Pascua; ellos tambi\u00e9n, en efecto, hab\u00edan ido a la fiesta.Y fue otra vez a Can\u00e1 de Galilea, donde [&hellip;]<\/p>\n","protected":false},"author":3,"featured_media":31451,"comment_status":"open","ping_status":"closed","sticky":false,"template":"","format":"standard","meta":{"_et_pb_use_builder":"off","_et_pb_old_content":"<!-- wp:paragraph -->\n<p> Al atardecer de ese mismo d\u00eda, el primero de la semana, estando cerradas las puertas del lugar donde se encontraban los disc\u00edpulos, por temor a los jud\u00edos, lleg\u00f3 Jes\u00fas y poni\u00e9ndose en medio de ellos, les dijo: \"\u00a1La paz est\u00e9 con ustedes!\".<br>Mientras dec\u00eda esto, les mostr\u00f3 sus manos y su costado. Los disc\u00edpulos se llenaron de alegr\u00eda cuando vieron al Se\u00f1or.<br>Jes\u00fas les dijo de nuevo: \"\u00a1La paz est\u00e9 con ustedes! Como el Padre me envi\u00f3 a m\u00ed, yo tambi\u00e9n los env\u00edo a ustedes\".<br>Al decirles esto, sopl\u00f3 sobre ellos y a\u00f1adi\u00f3: \"Reciban el Esp\u00edritu Santo.<br>Los pecados ser\u00e1n perdonados a los que ustedes se los perdonen, y ser\u00e1n retenidos a los que ustedes se los retengan\". <\/p>\n<!-- \/wp:paragraph -->\n\n<!-- wp:paragraph {\"align\":\"right\"} -->\n<p class=\"has-text-align-right\"><em>Extra\u00eddo de la Biblia: Libro del Pueblo de Dios. <\/em><\/p>\n<!-- \/wp:paragraph -->","_et_gb_content_width":""},"categories":[6],"tags":[],"aioseo_notices":[],"_links":{"self":[{"href":"https:\/\/www.obispado-mdp.org.ar\/a\/wp-json\/wp\/v2\/posts\/42846"}],"collection":[{"href":"https:\/\/www.obispado-mdp.org.ar\/a\/wp-json\/wp\/v2\/posts"}],"about":[{"href":"https:\/\/www.obispado-mdp.org.ar\/a\/wp-json\/wp\/v2\/types\/post"}],"author":[{"embeddable":true,"href":"https:\/\/www.obispado-mdp.org.ar\/a\/wp-json\/wp\/v2\/users\/3"}],"replies":[{"embeddable":true,"href":"https:\/\/www.obispado-mdp.org.ar\/a\/wp-json\/wp\/v2\/comments?post=42846"}],"version-history":[{"count":1,"href":"https:\/\/www.obispado-mdp.org.ar\/a\/wp-json\/wp\/v2\/posts\/42846\/revisions"}],"predecessor-version":[{"id":42847,"href":"https:\/\/www.obispado-mdp.org.ar\/a\/wp-json\/wp\/v2\/posts\/42846\/revisions\/42847"}],"wp:featuredmedia":[{"embeddable":true,"href":"https:\/\/www.obispado-mdp.org.ar\/a\/wp-json\/wp\/v2\/media\/31451"}],"wp:attachment":[{"href":"https:\/\/www.obispado-mdp.org.ar\/a\/wp-json\/wp\/v2\/media?parent=42846"}],"wp:term":[{"taxonomy":"category","embeddable":true,"href":"https:\/\/www.obispado-mdp.org.ar\/a\/wp-json\/wp\/v2\/categories?post=42846"},{"taxonomy":"post_tag","embeddable":true,"href":"https:\/\/www.obispado-mdp.org.ar\/a\/wp-json\/wp\/v2\/tags?post=42846"}],"curies":[{"name":"wp","href":"https:\/\/api.w.org\/{rel}","templated":true}]}}