{"id":42852,"date":"2024-03-13T18:30:00","date_gmt":"2024-03-13T21:30:00","guid":{"rendered":"https:\/\/www.obispado-mdp.org.ar\/a\/?p=42852"},"modified":"2024-01-08T11:57:46","modified_gmt":"2024-01-08T14:57:46","slug":"evangelio-segun-san-juan-531-47-3","status":"publish","type":"post","link":"https:\/\/www.obispado-mdp.org.ar\/a\/evangelio-segun-san-juan-531-47-3\/","title":{"rendered":"Evangelio seg\u00fan San\u00a0Juan\u00a05,31-47."},"content":{"rendered":"\n<p>Jes\u00fas dijo a los jud\u00edos:<br>Si yo diera testimonio de m\u00ed mismo, mi testimonio no valdr\u00eda.<br>Pero hay otro que da testimonio de m\u00ed, y yo s\u00e9 que ese testimonio es verdadero.<br>Ustedes mismos mandaron preguntar a Juan, y \u00e9l ha dado testimonio de la verdad.<br>No es que yo dependa del testimonio de un hombre; si digo esto es para la salvaci\u00f3n de ustedes.<br>Juan era la l\u00e1mpara que arde y resplandece, y ustedes han querido gozar un instante de su luz.<br>Pero el testimonio que yo tengo es mayor que el de Juan: son las obras que el Padre me encarg\u00f3 llevar a cabo. Estas obras que yo realizo atestiguan que mi Padre me ha enviado.<br>Y el Padre que me envi\u00f3 ha dado testimonio de m\u00ed. Ustedes nunca han escuchado su voz ni han visto su rostro,<br>y su palabra no permanece en ustedes, porque no creen al que \u00e9l envi\u00f3.<br>Ustedes examinan las Escrituras, porque en ellas piensan encontrar Vida eterna: ellas dan testimonio de m\u00ed,<br>y sin embargo, ustedes no quieren venir a m\u00ed para tener Vida.<br>Mi gloria no viene de los hombres.<br>Adem\u00e1s, yo los conozco: el amor de Dios no est\u00e1 en ustedes.<br>He venido en nombre de mi Padre y ustedes no me reciben, pero si otro viene en su propio nombre, a ese s\u00ed lo van a recibir.<br>\u00bfC\u00f3mo es posible que crean, ustedes que se glorifican unos a otros y no se preocupan por la gloria que s\u00f3lo viene de Dios?<br>No piensen que soy yo el que los acusar\u00e9 ante el Padre; el que los acusar\u00e1 ser\u00e1 Mois\u00e9s, en el que ustedes han puesto su esperanza.<br>Si creyeran en Mois\u00e9s, tambi\u00e9n creer\u00edan en m\u00ed, porque \u00e9l ha escrito acerca de m\u00ed.<br>Pero si no creen lo que \u00e9l ha escrito, \u00bfc\u00f3mo creer\u00e1n lo que yo les digo?\u00bb.<\/p>\n\n\n\n<p class=\"has-text-align-right\"><em>Extra\u00eddo de la Biblia: Libro del Pueblo de Dios. <\/em><\/p>\n","protected":false},"excerpt":{"rendered":"<p>Jes\u00fas dijo a los jud\u00edos:Si yo diera testimonio de m\u00ed mismo, mi testimonio no valdr\u00eda.Pero hay otro que da testimonio de m\u00ed, y yo s\u00e9 que ese testimonio es verdadero.Ustedes mismos mandaron preguntar a Juan, y \u00e9l ha dado testimonio de la verdad.No es que yo dependa del testimonio de un hombre; si digo esto [&hellip;]<\/p>\n","protected":false},"author":3,"featured_media":31450,"comment_status":"open","ping_status":"closed","sticky":false,"template":"","format":"standard","meta":{"_et_pb_use_builder":"off","_et_pb_old_content":"<!-- wp:paragraph -->\n<p> Al atardecer de ese mismo d\u00eda, el primero de la semana, estando cerradas las puertas del lugar donde se encontraban los disc\u00edpulos, por temor a los jud\u00edos, lleg\u00f3 Jes\u00fas y poni\u00e9ndose en medio de ellos, les dijo: \"\u00a1La paz est\u00e9 con ustedes!\".<br>Mientras dec\u00eda esto, les mostr\u00f3 sus manos y su costado. Los disc\u00edpulos se llenaron de alegr\u00eda cuando vieron al Se\u00f1or.<br>Jes\u00fas les dijo de nuevo: \"\u00a1La paz est\u00e9 con ustedes! Como el Padre me envi\u00f3 a m\u00ed, yo tambi\u00e9n los env\u00edo a ustedes\".<br>Al decirles esto, sopl\u00f3 sobre ellos y a\u00f1adi\u00f3: \"Reciban el Esp\u00edritu Santo.<br>Los pecados ser\u00e1n perdonados a los que ustedes se los perdonen, y ser\u00e1n retenidos a los que ustedes se los retengan\". <\/p>\n<!-- \/wp:paragraph -->\n\n<!-- wp:paragraph {\"align\":\"right\"} -->\n<p class=\"has-text-align-right\"><em>Extra\u00eddo de la Biblia: Libro del Pueblo de Dios. <\/em><\/p>\n<!-- \/wp:paragraph -->","_et_gb_content_width":""},"categories":[6],"tags":[],"aioseo_notices":[],"_links":{"self":[{"href":"https:\/\/www.obispado-mdp.org.ar\/a\/wp-json\/wp\/v2\/posts\/42852"}],"collection":[{"href":"https:\/\/www.obispado-mdp.org.ar\/a\/wp-json\/wp\/v2\/posts"}],"about":[{"href":"https:\/\/www.obispado-mdp.org.ar\/a\/wp-json\/wp\/v2\/types\/post"}],"author":[{"embeddable":true,"href":"https:\/\/www.obispado-mdp.org.ar\/a\/wp-json\/wp\/v2\/users\/3"}],"replies":[{"embeddable":true,"href":"https:\/\/www.obispado-mdp.org.ar\/a\/wp-json\/wp\/v2\/comments?post=42852"}],"version-history":[{"count":1,"href":"https:\/\/www.obispado-mdp.org.ar\/a\/wp-json\/wp\/v2\/posts\/42852\/revisions"}],"predecessor-version":[{"id":42853,"href":"https:\/\/www.obispado-mdp.org.ar\/a\/wp-json\/wp\/v2\/posts\/42852\/revisions\/42853"}],"wp:featuredmedia":[{"embeddable":true,"href":"https:\/\/www.obispado-mdp.org.ar\/a\/wp-json\/wp\/v2\/media\/31450"}],"wp:attachment":[{"href":"https:\/\/www.obispado-mdp.org.ar\/a\/wp-json\/wp\/v2\/media?parent=42852"}],"wp:term":[{"taxonomy":"category","embeddable":true,"href":"https:\/\/www.obispado-mdp.org.ar\/a\/wp-json\/wp\/v2\/categories?post=42852"},{"taxonomy":"post_tag","embeddable":true,"href":"https:\/\/www.obispado-mdp.org.ar\/a\/wp-json\/wp\/v2\/tags?post=42852"}],"curies":[{"name":"wp","href":"https:\/\/api.w.org\/{rel}","templated":true}]}}