{"id":42854,"date":"2024-03-14T18:30:00","date_gmt":"2024-03-14T21:30:00","guid":{"rendered":"https:\/\/www.obispado-mdp.org.ar\/a\/?p=42854"},"modified":"2024-01-08T11:58:51","modified_gmt":"2024-01-08T14:58:51","slug":"evangelio-segun-san-juan-71-2-10-25-30-3","status":"publish","type":"post","link":"https:\/\/www.obispado-mdp.org.ar\/a\/evangelio-segun-san-juan-71-2-10-25-30-3\/","title":{"rendered":"Evangelio seg\u00fan San\u00a0Juan\u00a07,1-2.10.25-30."},"content":{"rendered":"\n<p>Jes\u00fas recorr\u00eda la Galilea; no quer\u00eda transitar por Judea porque los jud\u00edos intentaban matarlo.<br>Se acercaba la fiesta jud\u00eda de las Chozas,<br>Sin embargo, cuando sus hermanos subieron para la fiesta, tambi\u00e9n \u00e9l subi\u00f3, pero en secreto, sin hacerse ver.<br>Algunos de Jerusal\u00e9n dec\u00edan: \u00ab\u00bfNo es este aquel a quien quer\u00edan matar?<br>\u00a1Y miren c\u00f3mo habla abiertamente y nadie le dice nada! \u00bfHabr\u00e1n reconocido las autoridades que es verdaderamente el Mes\u00edas?<br>Pero nosotros sabemos de d\u00f3nde es este; en cambio, cuando venga el Mes\u00edas, nadie sabr\u00e1 de d\u00f3nde es\u00bb.<br>Entonces Jes\u00fas, que ense\u00f1aba en el Templo, exclam\u00f3: \u00ab\u00bfAs\u00ed que ustedes me conocen y saben de d\u00f3nde soy? Sin embargo, yo no vine por mi propia cuenta; pero el que me envi\u00f3 dice la verdad, y ustedes no lo conocen.<br>Yo s\u00ed lo conozco, porque vengo de \u00e9l y es \u00e9l el que me envi\u00f3\u00bb.<br>Entonces quisieron detenerlo, pero nadie puso las manos sobre \u00e9l, porque todav\u00eda no hab\u00eda llegado su hora.<\/p>\n\n\n\n<p class=\"has-text-align-right\"><em>Extra\u00eddo de la Biblia: Libro del Pueblo de Dios. <\/em><\/p>\n","protected":false},"excerpt":{"rendered":"<p>Jes\u00fas recorr\u00eda la Galilea; no quer\u00eda transitar por Judea porque los jud\u00edos intentaban matarlo.Se acercaba la fiesta jud\u00eda de las Chozas,Sin embargo, cuando sus hermanos subieron para la fiesta, tambi\u00e9n \u00e9l subi\u00f3, pero en secreto, sin hacerse ver.Algunos de Jerusal\u00e9n dec\u00edan: \u00ab\u00bfNo es este aquel a quien quer\u00edan matar?\u00a1Y miren c\u00f3mo habla abiertamente y nadie [&hellip;]<\/p>\n","protected":false},"author":3,"featured_media":31455,"comment_status":"open","ping_status":"closed","sticky":false,"template":"","format":"standard","meta":{"_et_pb_use_builder":"off","_et_pb_old_content":"<!-- wp:paragraph -->\n<p> Al atardecer de ese mismo d\u00eda, el primero de la semana, estando cerradas las puertas del lugar donde se encontraban los disc\u00edpulos, por temor a los jud\u00edos, lleg\u00f3 Jes\u00fas y poni\u00e9ndose en medio de ellos, les dijo: \"\u00a1La paz est\u00e9 con ustedes!\".<br>Mientras dec\u00eda esto, les mostr\u00f3 sus manos y su costado. Los disc\u00edpulos se llenaron de alegr\u00eda cuando vieron al Se\u00f1or.<br>Jes\u00fas les dijo de nuevo: \"\u00a1La paz est\u00e9 con ustedes! Como el Padre me envi\u00f3 a m\u00ed, yo tambi\u00e9n los env\u00edo a ustedes\".<br>Al decirles esto, sopl\u00f3 sobre ellos y a\u00f1adi\u00f3: \"Reciban el Esp\u00edritu Santo.<br>Los pecados ser\u00e1n perdonados a los que ustedes se los perdonen, y ser\u00e1n retenidos a los que ustedes se los retengan\". <\/p>\n<!-- \/wp:paragraph -->\n\n<!-- wp:paragraph {\"align\":\"right\"} -->\n<p class=\"has-text-align-right\"><em>Extra\u00eddo de la Biblia: Libro del Pueblo de Dios. <\/em><\/p>\n<!-- \/wp:paragraph -->","_et_gb_content_width":""},"categories":[6],"tags":[],"aioseo_notices":[],"_links":{"self":[{"href":"https:\/\/www.obispado-mdp.org.ar\/a\/wp-json\/wp\/v2\/posts\/42854"}],"collection":[{"href":"https:\/\/www.obispado-mdp.org.ar\/a\/wp-json\/wp\/v2\/posts"}],"about":[{"href":"https:\/\/www.obispado-mdp.org.ar\/a\/wp-json\/wp\/v2\/types\/post"}],"author":[{"embeddable":true,"href":"https:\/\/www.obispado-mdp.org.ar\/a\/wp-json\/wp\/v2\/users\/3"}],"replies":[{"embeddable":true,"href":"https:\/\/www.obispado-mdp.org.ar\/a\/wp-json\/wp\/v2\/comments?post=42854"}],"version-history":[{"count":1,"href":"https:\/\/www.obispado-mdp.org.ar\/a\/wp-json\/wp\/v2\/posts\/42854\/revisions"}],"predecessor-version":[{"id":42855,"href":"https:\/\/www.obispado-mdp.org.ar\/a\/wp-json\/wp\/v2\/posts\/42854\/revisions\/42855"}],"wp:featuredmedia":[{"embeddable":true,"href":"https:\/\/www.obispado-mdp.org.ar\/a\/wp-json\/wp\/v2\/media\/31455"}],"wp:attachment":[{"href":"https:\/\/www.obispado-mdp.org.ar\/a\/wp-json\/wp\/v2\/media?parent=42854"}],"wp:term":[{"taxonomy":"category","embeddable":true,"href":"https:\/\/www.obispado-mdp.org.ar\/a\/wp-json\/wp\/v2\/categories?post=42854"},{"taxonomy":"post_tag","embeddable":true,"href":"https:\/\/www.obispado-mdp.org.ar\/a\/wp-json\/wp\/v2\/tags?post=42854"}],"curies":[{"name":"wp","href":"https:\/\/api.w.org\/{rel}","templated":true}]}}