{"id":42856,"date":"2024-03-15T18:30:00","date_gmt":"2024-03-15T21:30:00","guid":{"rendered":"https:\/\/www.obispado-mdp.org.ar\/a\/?p=42856"},"modified":"2024-01-08T12:01:03","modified_gmt":"2024-01-08T15:01:03","slug":"evangelio-segun-san-juan-740-53-2","status":"publish","type":"post","link":"https:\/\/www.obispado-mdp.org.ar\/a\/evangelio-segun-san-juan-740-53-2\/","title":{"rendered":"Evangelio seg\u00fan San\u00a0Juan\u00a07,40-53."},"content":{"rendered":"\n<p>Algunos de la multitud que lo hab\u00edan o\u00eddo, opinaban: \u00abEste es verdaderamente el Profeta\u00bb.<br>Otros dec\u00edan: \u00abEste es el Mes\u00edas\u00bb. Pero otros preguntaban: \u00ab\u00bfAcaso el Mes\u00edas vendr\u00e1 de Galilea?<br>\u00bfNo dice la Escritura que el Mes\u00edas vendr\u00e1 del linaje de David y de Bel\u00e9n, el pueblo de donde era David?\u00bb.<br>Y por causa de \u00e9l, se produjo una divisi\u00f3n entre la gente.<br>Algunos quer\u00edan detenerlo, pero nadie puso las manos sobre \u00e9l.<br>Los guardias fueron a ver a los sumos sacerdotes y a los fariseos, y estos les preguntaron: \u00ab\u00bfPor qu\u00e9 no lo trajeron?\u00bb.<br>Ellos respondieron: \u00abNadie habl\u00f3 jam\u00e1s como este hombre\u00bb.<br>Los fariseos respondieron: \u00ab\u00bfTambi\u00e9n ustedes se dejaron enga\u00f1ar?<br>\u00bfAcaso alguno de los jefes o de los fariseos ha cre\u00eddo en \u00e9l?<br>En cambio, esa gente que no conoce la Ley est\u00e1 maldita\u00bb.<br>Nicodemo, uno de ellos, que hab\u00eda ido antes a ver a Jes\u00fas, les dijo:<br>\u00ab\u00bfAcaso nuestra Ley permite juzgar a un hombre sin escucharlo antes para saber lo que hizo?\u00bb.<br>Le respondieron: \u00ab\u00bfT\u00fa tambi\u00e9n eres galileo? Examina las Escrituras y ver\u00e1s que de Galilea no surge ning\u00fan profeta\u00bb.<br>Y cada uno regres\u00f3 a su casa.<\/p>\n\n\n\n<p class=\"has-text-align-right\"><em>Extra\u00eddo de la Biblia: Libro del Pueblo de Dios. <\/em><\/p>\n","protected":false},"excerpt":{"rendered":"<p>Algunos de la multitud que lo hab\u00edan o\u00eddo, opinaban: \u00abEste es verdaderamente el Profeta\u00bb.Otros dec\u00edan: \u00abEste es el Mes\u00edas\u00bb. Pero otros preguntaban: \u00ab\u00bfAcaso el Mes\u00edas vendr\u00e1 de Galilea?\u00bfNo dice la Escritura que el Mes\u00edas vendr\u00e1 del linaje de David y de Bel\u00e9n, el pueblo de donde era David?\u00bb.Y por causa de \u00e9l, se produjo una [&hellip;]<\/p>\n","protected":false},"author":3,"featured_media":31440,"comment_status":"open","ping_status":"closed","sticky":false,"template":"","format":"standard","meta":{"_et_pb_use_builder":"off","_et_pb_old_content":"<!-- wp:paragraph -->\n<p> Al atardecer de ese mismo d\u00eda, el primero de la semana, estando cerradas las puertas del lugar donde se encontraban los disc\u00edpulos, por temor a los jud\u00edos, lleg\u00f3 Jes\u00fas y poni\u00e9ndose en medio de ellos, les dijo: \"\u00a1La paz est\u00e9 con ustedes!\".<br>Mientras dec\u00eda esto, les mostr\u00f3 sus manos y su costado. Los disc\u00edpulos se llenaron de alegr\u00eda cuando vieron al Se\u00f1or.<br>Jes\u00fas les dijo de nuevo: \"\u00a1La paz est\u00e9 con ustedes! Como el Padre me envi\u00f3 a m\u00ed, yo tambi\u00e9n los env\u00edo a ustedes\".<br>Al decirles esto, sopl\u00f3 sobre ellos y a\u00f1adi\u00f3: \"Reciban el Esp\u00edritu Santo.<br>Los pecados ser\u00e1n perdonados a los que ustedes se los perdonen, y ser\u00e1n retenidos a los que ustedes se los retengan\". <\/p>\n<!-- \/wp:paragraph -->\n\n<!-- wp:paragraph {\"align\":\"right\"} -->\n<p class=\"has-text-align-right\"><em>Extra\u00eddo de la Biblia: Libro del Pueblo de Dios. <\/em><\/p>\n<!-- \/wp:paragraph -->","_et_gb_content_width":""},"categories":[6],"tags":[],"aioseo_notices":[],"_links":{"self":[{"href":"https:\/\/www.obispado-mdp.org.ar\/a\/wp-json\/wp\/v2\/posts\/42856"}],"collection":[{"href":"https:\/\/www.obispado-mdp.org.ar\/a\/wp-json\/wp\/v2\/posts"}],"about":[{"href":"https:\/\/www.obispado-mdp.org.ar\/a\/wp-json\/wp\/v2\/types\/post"}],"author":[{"embeddable":true,"href":"https:\/\/www.obispado-mdp.org.ar\/a\/wp-json\/wp\/v2\/users\/3"}],"replies":[{"embeddable":true,"href":"https:\/\/www.obispado-mdp.org.ar\/a\/wp-json\/wp\/v2\/comments?post=42856"}],"version-history":[{"count":1,"href":"https:\/\/www.obispado-mdp.org.ar\/a\/wp-json\/wp\/v2\/posts\/42856\/revisions"}],"predecessor-version":[{"id":42857,"href":"https:\/\/www.obispado-mdp.org.ar\/a\/wp-json\/wp\/v2\/posts\/42856\/revisions\/42857"}],"wp:featuredmedia":[{"embeddable":true,"href":"https:\/\/www.obispado-mdp.org.ar\/a\/wp-json\/wp\/v2\/media\/31440"}],"wp:attachment":[{"href":"https:\/\/www.obispado-mdp.org.ar\/a\/wp-json\/wp\/v2\/media?parent=42856"}],"wp:term":[{"taxonomy":"category","embeddable":true,"href":"https:\/\/www.obispado-mdp.org.ar\/a\/wp-json\/wp\/v2\/categories?post=42856"},{"taxonomy":"post_tag","embeddable":true,"href":"https:\/\/www.obispado-mdp.org.ar\/a\/wp-json\/wp\/v2\/tags?post=42856"}],"curies":[{"name":"wp","href":"https:\/\/api.w.org\/{rel}","templated":true}]}}