{"id":42862,"date":"2024-03-18T18:30:00","date_gmt":"2024-03-18T21:30:00","guid":{"rendered":"https:\/\/www.obispado-mdp.org.ar\/a\/?p=42862"},"modified":"2024-01-08T12:03:53","modified_gmt":"2024-01-08T15:03:53","slug":"evangelio-segun-san-mateo-116-18-21-24a-3","status":"publish","type":"post","link":"https:\/\/www.obispado-mdp.org.ar\/a\/evangelio-segun-san-mateo-116-18-21-24a-3\/","title":{"rendered":"Evangelio seg\u00fan San\u00a0Mateo\u00a01,16.18-21.24a."},"content":{"rendered":"\n<p>Jacob fue padre de Jos\u00e9, el esposo de Mar\u00eda, de la cual naci\u00f3 Jes\u00fas, que es llamado Cristo.<br>Este fue el origen de Jesucristo: Mar\u00eda, su madre, estaba comprometida con Jos\u00e9 y, cuando todav\u00eda no hab\u00edan vivido juntos, concibi\u00f3 un hijo por obra del Esp\u00edritu Santo.<br>Jos\u00e9, su esposo, que era un hombre justo y no quer\u00eda denunciarla p\u00fablicamente, resolvi\u00f3 abandonarla en secreto.<br>Mientras pensaba en esto, el Angel del Se\u00f1or se le apareci\u00f3 en sue\u00f1os y le dijo: \u00abJos\u00e9, hijo de David, no temas recibir a Mar\u00eda, tu esposa, porque lo que ha sido engendrado en ella proviene del Esp\u00edritu Santo.<br>Ella dar\u00e1 a luz un hijo, a quien pondr\u00e1s el nombre de Jes\u00fas, porque \u00e9l salvar\u00e1 a su Pueblo de todos sus pecados\u00bb.<br>Al despertar, Jos\u00e9 hizo lo que el Angel del Se\u00f1or le hab\u00eda ordenado.<\/p>\n\n\n\n<p class=\"has-text-align-right\"><em>Extra\u00eddo de la Biblia: Libro del Pueblo de Dios. <\/em><\/p>\n","protected":false},"excerpt":{"rendered":"<p>Jacob fue padre de Jos\u00e9, el esposo de Mar\u00eda, de la cual naci\u00f3 Jes\u00fas, que es llamado Cristo.Este fue el origen de Jesucristo: Mar\u00eda, su madre, estaba comprometida con Jos\u00e9 y, cuando todav\u00eda no hab\u00edan vivido juntos, concibi\u00f3 un hijo por obra del Esp\u00edritu Santo.Jos\u00e9, su esposo, que era un hombre justo y no quer\u00eda [&hellip;]<\/p>\n","protected":false},"author":3,"featured_media":31452,"comment_status":"open","ping_status":"closed","sticky":false,"template":"","format":"standard","meta":{"_et_pb_use_builder":"off","_et_pb_old_content":"<!-- wp:paragraph -->\n<p> Al atardecer de ese mismo d\u00eda, el primero de la semana, estando cerradas las puertas del lugar donde se encontraban los disc\u00edpulos, por temor a los jud\u00edos, lleg\u00f3 Jes\u00fas y poni\u00e9ndose en medio de ellos, les dijo: \"\u00a1La paz est\u00e9 con ustedes!\".<br>Mientras dec\u00eda esto, les mostr\u00f3 sus manos y su costado. Los disc\u00edpulos se llenaron de alegr\u00eda cuando vieron al Se\u00f1or.<br>Jes\u00fas les dijo de nuevo: \"\u00a1La paz est\u00e9 con ustedes! Como el Padre me envi\u00f3 a m\u00ed, yo tambi\u00e9n los env\u00edo a ustedes\".<br>Al decirles esto, sopl\u00f3 sobre ellos y a\u00f1adi\u00f3: \"Reciban el Esp\u00edritu Santo.<br>Los pecados ser\u00e1n perdonados a los que ustedes se los perdonen, y ser\u00e1n retenidos a los que ustedes se los retengan\". <\/p>\n<!-- \/wp:paragraph -->\n\n<!-- wp:paragraph {\"align\":\"right\"} -->\n<p class=\"has-text-align-right\"><em>Extra\u00eddo de la Biblia: Libro del Pueblo de Dios. <\/em><\/p>\n<!-- \/wp:paragraph -->","_et_gb_content_width":""},"categories":[6],"tags":[],"aioseo_notices":[],"_links":{"self":[{"href":"https:\/\/www.obispado-mdp.org.ar\/a\/wp-json\/wp\/v2\/posts\/42862"}],"collection":[{"href":"https:\/\/www.obispado-mdp.org.ar\/a\/wp-json\/wp\/v2\/posts"}],"about":[{"href":"https:\/\/www.obispado-mdp.org.ar\/a\/wp-json\/wp\/v2\/types\/post"}],"author":[{"embeddable":true,"href":"https:\/\/www.obispado-mdp.org.ar\/a\/wp-json\/wp\/v2\/users\/3"}],"replies":[{"embeddable":true,"href":"https:\/\/www.obispado-mdp.org.ar\/a\/wp-json\/wp\/v2\/comments?post=42862"}],"version-history":[{"count":1,"href":"https:\/\/www.obispado-mdp.org.ar\/a\/wp-json\/wp\/v2\/posts\/42862\/revisions"}],"predecessor-version":[{"id":42863,"href":"https:\/\/www.obispado-mdp.org.ar\/a\/wp-json\/wp\/v2\/posts\/42862\/revisions\/42863"}],"wp:featuredmedia":[{"embeddable":true,"href":"https:\/\/www.obispado-mdp.org.ar\/a\/wp-json\/wp\/v2\/media\/31452"}],"wp:attachment":[{"href":"https:\/\/www.obispado-mdp.org.ar\/a\/wp-json\/wp\/v2\/media?parent=42862"}],"wp:term":[{"taxonomy":"category","embeddable":true,"href":"https:\/\/www.obispado-mdp.org.ar\/a\/wp-json\/wp\/v2\/categories?post=42862"},{"taxonomy":"post_tag","embeddable":true,"href":"https:\/\/www.obispado-mdp.org.ar\/a\/wp-json\/wp\/v2\/tags?post=42862"}],"curies":[{"name":"wp","href":"https:\/\/api.w.org\/{rel}","templated":true}]}}