{"id":42866,"date":"2024-03-20T18:30:00","date_gmt":"2024-03-20T21:30:00","guid":{"rendered":"https:\/\/www.obispado-mdp.org.ar\/a\/?p=42866"},"modified":"2024-01-08T12:05:34","modified_gmt":"2024-01-08T15:05:34","slug":"evangelio-segun-san-juan-851-59-3","status":"publish","type":"post","link":"https:\/\/www.obispado-mdp.org.ar\/a\/evangelio-segun-san-juan-851-59-3\/","title":{"rendered":"Evangelio seg\u00fan San\u00a0Juan\u00a08,51-59."},"content":{"rendered":"\n<p>Jes\u00fas dijo a los jud\u00edos:<br>\u00abLes aseguro que el que es fiel a mi palabra, no morir\u00e1 jam\u00e1s\u00bb.<br>Los jud\u00edos le dijeron: \u00abAhora s\u00ed estamos seguros de que est\u00e1s endemoniado. Abraham muri\u00f3, los profetas tambi\u00e9n, y t\u00fa dices: &#8216;El que es fiel a mi palabra, no morir\u00e1 jam\u00e1s&#8217;.<br>\u00bfAcaso eres m\u00e1s grande que nuestro padre Abraham, el cual muri\u00f3? Los profetas tambi\u00e9n murieron. \u00bfQui\u00e9n pretendes ser t\u00fa?\u00bb.<br>Jes\u00fas respondi\u00f3: \u00abSi yo me glorificara a m\u00ed mismo, mi gloria no valdr\u00eda nada. Es mi Padre el que me glorifica, el mismo al que ustedes llaman &#8216;nuestro Dios&#8217;,<br>y al que, sin embargo, no conocen. Yo lo conozco y si dijera: &#8216;No lo conozco&#8217;, ser\u00eda, como ustedes, un mentiroso. Pero yo lo conozco y soy fiel a su palabra.<br>Abraham, el padre de ustedes, se estremeci\u00f3 de gozo, esperando ver mi D\u00eda: lo vio y se llen\u00f3 de alegr\u00eda\u00bb.<br>Los jud\u00edos le dijeron: \u00abTodav\u00eda no tienes cincuenta a\u00f1os \u00bfy has visto a Abraham?\u00bb.<br>Jes\u00fas respondi\u00f3: \u00abLes aseguro que desde antes que naciera Abraham, Yo Soy\u00bb.<br>Entonces tomaron piedras para apedrearlo, pero Jes\u00fas se escondi\u00f3 y sali\u00f3 del Templo.<\/p>\n\n\n\n<p class=\"has-text-align-right\"><em>Extra\u00eddo de la Biblia: Libro del Pueblo de Dios. <\/em><\/p>\n","protected":false},"excerpt":{"rendered":"<p>Jes\u00fas dijo a los jud\u00edos:\u00abLes aseguro que el que es fiel a mi palabra, no morir\u00e1 jam\u00e1s\u00bb.Los jud\u00edos le dijeron: \u00abAhora s\u00ed estamos seguros de que est\u00e1s endemoniado. Abraham muri\u00f3, los profetas tambi\u00e9n, y t\u00fa dices: &#8216;El que es fiel a mi palabra, no morir\u00e1 jam\u00e1s&#8217;.\u00bfAcaso eres m\u00e1s grande que nuestro padre Abraham, el cual [&hellip;]<\/p>\n","protected":false},"author":3,"featured_media":31450,"comment_status":"open","ping_status":"closed","sticky":false,"template":"","format":"standard","meta":{"_et_pb_use_builder":"off","_et_pb_old_content":"<!-- wp:paragraph -->\n<p> Al atardecer de ese mismo d\u00eda, el primero de la semana, estando cerradas las puertas del lugar donde se encontraban los disc\u00edpulos, por temor a los jud\u00edos, lleg\u00f3 Jes\u00fas y poni\u00e9ndose en medio de ellos, les dijo: \"\u00a1La paz est\u00e9 con ustedes!\".<br>Mientras dec\u00eda esto, les mostr\u00f3 sus manos y su costado. Los disc\u00edpulos se llenaron de alegr\u00eda cuando vieron al Se\u00f1or.<br>Jes\u00fas les dijo de nuevo: \"\u00a1La paz est\u00e9 con ustedes! Como el Padre me envi\u00f3 a m\u00ed, yo tambi\u00e9n los env\u00edo a ustedes\".<br>Al decirles esto, sopl\u00f3 sobre ellos y a\u00f1adi\u00f3: \"Reciban el Esp\u00edritu Santo.<br>Los pecados ser\u00e1n perdonados a los que ustedes se los perdonen, y ser\u00e1n retenidos a los que ustedes se los retengan\". <\/p>\n<!-- \/wp:paragraph -->\n\n<!-- wp:paragraph {\"align\":\"right\"} -->\n<p class=\"has-text-align-right\"><em>Extra\u00eddo de la Biblia: Libro del Pueblo de Dios. <\/em><\/p>\n<!-- \/wp:paragraph -->","_et_gb_content_width":""},"categories":[6],"tags":[],"aioseo_notices":[],"_links":{"self":[{"href":"https:\/\/www.obispado-mdp.org.ar\/a\/wp-json\/wp\/v2\/posts\/42866"}],"collection":[{"href":"https:\/\/www.obispado-mdp.org.ar\/a\/wp-json\/wp\/v2\/posts"}],"about":[{"href":"https:\/\/www.obispado-mdp.org.ar\/a\/wp-json\/wp\/v2\/types\/post"}],"author":[{"embeddable":true,"href":"https:\/\/www.obispado-mdp.org.ar\/a\/wp-json\/wp\/v2\/users\/3"}],"replies":[{"embeddable":true,"href":"https:\/\/www.obispado-mdp.org.ar\/a\/wp-json\/wp\/v2\/comments?post=42866"}],"version-history":[{"count":1,"href":"https:\/\/www.obispado-mdp.org.ar\/a\/wp-json\/wp\/v2\/posts\/42866\/revisions"}],"predecessor-version":[{"id":42867,"href":"https:\/\/www.obispado-mdp.org.ar\/a\/wp-json\/wp\/v2\/posts\/42866\/revisions\/42867"}],"wp:featuredmedia":[{"embeddable":true,"href":"https:\/\/www.obispado-mdp.org.ar\/a\/wp-json\/wp\/v2\/media\/31450"}],"wp:attachment":[{"href":"https:\/\/www.obispado-mdp.org.ar\/a\/wp-json\/wp\/v2\/media?parent=42866"}],"wp:term":[{"taxonomy":"category","embeddable":true,"href":"https:\/\/www.obispado-mdp.org.ar\/a\/wp-json\/wp\/v2\/categories?post=42866"},{"taxonomy":"post_tag","embeddable":true,"href":"https:\/\/www.obispado-mdp.org.ar\/a\/wp-json\/wp\/v2\/tags?post=42866"}],"curies":[{"name":"wp","href":"https:\/\/api.w.org\/{rel}","templated":true}]}}