{"id":42868,"date":"2024-03-21T18:30:00","date_gmt":"2024-03-21T21:30:00","guid":{"rendered":"https:\/\/www.obispado-mdp.org.ar\/a\/?p=42868"},"modified":"2024-01-08T12:06:26","modified_gmt":"2024-01-08T15:06:26","slug":"evangelio-segun-san-juan-1031-42-3","status":"publish","type":"post","link":"https:\/\/www.obispado-mdp.org.ar\/a\/evangelio-segun-san-juan-1031-42-3\/","title":{"rendered":"Evangelio seg\u00fan San\u00a0Juan\u00a010,31-42."},"content":{"rendered":"\n<p>Los jud\u00edos tomaron piedras para apedrearlo.<br>Entonces Jes\u00fas dijo: \u00abLes hice ver muchas obras buenas que vienen del Padre; \u00bfPor cu\u00e1l de ellas me quieren apedrear?\u00bb.<br>Los jud\u00edos le respondieron: \u00abNo queremos apedrearte por ninguna obra buena, sino porque blasfemas, ya que, siendo hombre, te haces Dios\u00bb.<br>Jes\u00fas les respondi\u00f3: \u00ab\u00bfNo est\u00e1 escrito en la Ley: Yo dije: Ustedes son dioses?<br>Si la Ley llama dioses a los que Dios dirigi\u00f3 su Palabra -y la Escritura no puede ser anulada-<br>\u00bfC\u00f3mo dicen: &#8216;T\u00fa blasfemas&#8217;, a quien el Padre santific\u00f3 y envi\u00f3 al mundo, porque dijo: \u00abYo soy Hijo de Dios\u00bb?<br>Si no hago las obras de mi Padre, no me crean;<br>pero si las hago, crean en las obras, aunque no me crean a m\u00ed. As\u00ed reconocer\u00e1n y sabr\u00e1n que el Padre est\u00e1 en m\u00ed y yo en el Padre\u00bb.<br>Ellos intentaron nuevamente detenerlo, pero \u00e9l se les escap\u00f3 de las manos.<br>Jes\u00fas volvi\u00f3 a ir al otro lado del Jord\u00e1n, al lugar donde Juan hab\u00eda bautizado, y se qued\u00f3 all\u00ed.<br>Muchos fueron a verlo, y la gente dec\u00eda: \u00abJuan no ha hecho ning\u00fan signo, pero todo lo que dijo de este hombre era verdad\u00bb.<br>Y en ese lugar muchos creyeron en \u00e9l.<\/p>\n\n\n\n<p class=\"has-text-align-right\"><em>Extra\u00eddo de la Biblia: Libro del Pueblo de Dios. <\/em><\/p>\n","protected":false},"excerpt":{"rendered":"<p>Los jud\u00edos tomaron piedras para apedrearlo.Entonces Jes\u00fas dijo: \u00abLes hice ver muchas obras buenas que vienen del Padre; \u00bfPor cu\u00e1l de ellas me quieren apedrear?\u00bb.Los jud\u00edos le respondieron: \u00abNo queremos apedrearte por ninguna obra buena, sino porque blasfemas, ya que, siendo hombre, te haces Dios\u00bb.Jes\u00fas les respondi\u00f3: \u00ab\u00bfNo est\u00e1 escrito en la Ley: Yo dije: [&hellip;]<\/p>\n","protected":false},"author":3,"featured_media":31455,"comment_status":"open","ping_status":"closed","sticky":false,"template":"","format":"standard","meta":{"_et_pb_use_builder":"off","_et_pb_old_content":"<!-- wp:paragraph -->\n<p> Al atardecer de ese mismo d\u00eda, el primero de la semana, estando cerradas las puertas del lugar donde se encontraban los disc\u00edpulos, por temor a los jud\u00edos, lleg\u00f3 Jes\u00fas y poni\u00e9ndose en medio de ellos, les dijo: \"\u00a1La paz est\u00e9 con ustedes!\".<br>Mientras dec\u00eda esto, les mostr\u00f3 sus manos y su costado. Los disc\u00edpulos se llenaron de alegr\u00eda cuando vieron al Se\u00f1or.<br>Jes\u00fas les dijo de nuevo: \"\u00a1La paz est\u00e9 con ustedes! Como el Padre me envi\u00f3 a m\u00ed, yo tambi\u00e9n los env\u00edo a ustedes\".<br>Al decirles esto, sopl\u00f3 sobre ellos y a\u00f1adi\u00f3: \"Reciban el Esp\u00edritu Santo.<br>Los pecados ser\u00e1n perdonados a los que ustedes se los perdonen, y ser\u00e1n retenidos a los que ustedes se los retengan\". <\/p>\n<!-- \/wp:paragraph -->\n\n<!-- wp:paragraph {\"align\":\"right\"} -->\n<p class=\"has-text-align-right\"><em>Extra\u00eddo de la Biblia: Libro del Pueblo de Dios. <\/em><\/p>\n<!-- \/wp:paragraph -->","_et_gb_content_width":""},"categories":[6],"tags":[],"aioseo_notices":[],"_links":{"self":[{"href":"https:\/\/www.obispado-mdp.org.ar\/a\/wp-json\/wp\/v2\/posts\/42868"}],"collection":[{"href":"https:\/\/www.obispado-mdp.org.ar\/a\/wp-json\/wp\/v2\/posts"}],"about":[{"href":"https:\/\/www.obispado-mdp.org.ar\/a\/wp-json\/wp\/v2\/types\/post"}],"author":[{"embeddable":true,"href":"https:\/\/www.obispado-mdp.org.ar\/a\/wp-json\/wp\/v2\/users\/3"}],"replies":[{"embeddable":true,"href":"https:\/\/www.obispado-mdp.org.ar\/a\/wp-json\/wp\/v2\/comments?post=42868"}],"version-history":[{"count":1,"href":"https:\/\/www.obispado-mdp.org.ar\/a\/wp-json\/wp\/v2\/posts\/42868\/revisions"}],"predecessor-version":[{"id":42869,"href":"https:\/\/www.obispado-mdp.org.ar\/a\/wp-json\/wp\/v2\/posts\/42868\/revisions\/42869"}],"wp:featuredmedia":[{"embeddable":true,"href":"https:\/\/www.obispado-mdp.org.ar\/a\/wp-json\/wp\/v2\/media\/31455"}],"wp:attachment":[{"href":"https:\/\/www.obispado-mdp.org.ar\/a\/wp-json\/wp\/v2\/media?parent=42868"}],"wp:term":[{"taxonomy":"category","embeddable":true,"href":"https:\/\/www.obispado-mdp.org.ar\/a\/wp-json\/wp\/v2\/categories?post=42868"},{"taxonomy":"post_tag","embeddable":true,"href":"https:\/\/www.obispado-mdp.org.ar\/a\/wp-json\/wp\/v2\/tags?post=42868"}],"curies":[{"name":"wp","href":"https:\/\/api.w.org\/{rel}","templated":true}]}}