{"id":42870,"date":"2024-03-22T18:30:00","date_gmt":"2024-03-22T21:30:00","guid":{"rendered":"https:\/\/www.obispado-mdp.org.ar\/a\/?p=42870"},"modified":"2024-01-08T12:07:20","modified_gmt":"2024-01-08T15:07:20","slug":"evangelio-segun-san-juan-1145-56-3","status":"publish","type":"post","link":"https:\/\/www.obispado-mdp.org.ar\/a\/evangelio-segun-san-juan-1145-56-3\/","title":{"rendered":"Evangelio seg\u00fan San\u00a0Juan\u00a011,45-56."},"content":{"rendered":"\n<p>Al ver lo que hizo Jes\u00fas, muchos de los jud\u00edos que hab\u00edan ido a casa de Mar\u00eda creyeron en \u00e9l.<br>Pero otros fueron a ver a los fariseos y les contaron lo que Jes\u00fas hab\u00eda hecho.<br>Los sumos sacerdotes y los fariseos convocaron un Consejo y dijeron: \u00ab\u00bfQu\u00e9 hacemos? Porque este hombre realiza muchos signos.<br>Si lo dejamos seguir as\u00ed, todos creer\u00e1n en \u00e9l, y los romanos vendr\u00e1n y destruir\u00e1n nuestro Lugar santo y nuestra naci\u00f3n\u00bb.<br>Uno de ellos, llamado Caif\u00e1s, que era Sumo Sacerdote ese a\u00f1o, les dijo: \u00abUstedes no comprenden nada.<br>\u00bfNo les parece preferible que un solo hombre muera por el pueblo y no que perezca la naci\u00f3n entera?\u00bb.<br>No dijo eso por s\u00ed mismo, sino que profetiz\u00f3 como Sumo Sacerdote que Jes\u00fas iba a morir por la naci\u00f3n,<br>y no solamente por la naci\u00f3n, sino tambi\u00e9n para congregar en la unidad a los hijos de Dios que estaban dispersos.<br>A partir de ese d\u00eda, resolvieron que deb\u00edan matar a Jes\u00fas.<br>Por eso \u00e9l no se mostraba m\u00e1s en p\u00fablico entre los jud\u00edos, sino que fue a una regi\u00f3n pr\u00f3xima al desierto, a una ciudad llamada Efra\u00edm, y all\u00ed permaneci\u00f3 con sus disc\u00edpulos.<br>Como se acercaba la Pascua de los jud\u00edos, mucha gente de la regi\u00f3n hab\u00eda subido a Jerusal\u00e9n para purificarse.<br>Buscaban a Jes\u00fas y se dec\u00edan unos a otros en el Templo: \u00ab\u00bfQu\u00e9 les parece, vendr\u00e1 a la fiesta o no?\u00bb.<\/p>\n\n\n\n<p class=\"has-text-align-right\"><em>Extra\u00eddo de la Biblia: Libro del Pueblo de Dios. <\/em><\/p>\n","protected":false},"excerpt":{"rendered":"<p>Al ver lo que hizo Jes\u00fas, muchos de los jud\u00edos que hab\u00edan ido a casa de Mar\u00eda creyeron en \u00e9l.Pero otros fueron a ver a los fariseos y les contaron lo que Jes\u00fas hab\u00eda hecho.Los sumos sacerdotes y los fariseos convocaron un Consejo y dijeron: \u00ab\u00bfQu\u00e9 hacemos? Porque este hombre realiza muchos signos.Si lo dejamos [&hellip;]<\/p>\n","protected":false},"author":3,"featured_media":31440,"comment_status":"open","ping_status":"closed","sticky":false,"template":"","format":"standard","meta":{"_et_pb_use_builder":"off","_et_pb_old_content":"<!-- wp:paragraph -->\n<p> Al atardecer de ese mismo d\u00eda, el primero de la semana, estando cerradas las puertas del lugar donde se encontraban los disc\u00edpulos, por temor a los jud\u00edos, lleg\u00f3 Jes\u00fas y poni\u00e9ndose en medio de ellos, les dijo: \"\u00a1La paz est\u00e9 con ustedes!\".<br>Mientras dec\u00eda esto, les mostr\u00f3 sus manos y su costado. Los disc\u00edpulos se llenaron de alegr\u00eda cuando vieron al Se\u00f1or.<br>Jes\u00fas les dijo de nuevo: \"\u00a1La paz est\u00e9 con ustedes! Como el Padre me envi\u00f3 a m\u00ed, yo tambi\u00e9n los env\u00edo a ustedes\".<br>Al decirles esto, sopl\u00f3 sobre ellos y a\u00f1adi\u00f3: \"Reciban el Esp\u00edritu Santo.<br>Los pecados ser\u00e1n perdonados a los que ustedes se los perdonen, y ser\u00e1n retenidos a los que ustedes se los retengan\". <\/p>\n<!-- \/wp:paragraph -->\n\n<!-- wp:paragraph {\"align\":\"right\"} -->\n<p class=\"has-text-align-right\"><em>Extra\u00eddo de la Biblia: Libro del Pueblo de Dios. <\/em><\/p>\n<!-- \/wp:paragraph -->","_et_gb_content_width":""},"categories":[6],"tags":[],"aioseo_notices":[],"_links":{"self":[{"href":"https:\/\/www.obispado-mdp.org.ar\/a\/wp-json\/wp\/v2\/posts\/42870"}],"collection":[{"href":"https:\/\/www.obispado-mdp.org.ar\/a\/wp-json\/wp\/v2\/posts"}],"about":[{"href":"https:\/\/www.obispado-mdp.org.ar\/a\/wp-json\/wp\/v2\/types\/post"}],"author":[{"embeddable":true,"href":"https:\/\/www.obispado-mdp.org.ar\/a\/wp-json\/wp\/v2\/users\/3"}],"replies":[{"embeddable":true,"href":"https:\/\/www.obispado-mdp.org.ar\/a\/wp-json\/wp\/v2\/comments?post=42870"}],"version-history":[{"count":1,"href":"https:\/\/www.obispado-mdp.org.ar\/a\/wp-json\/wp\/v2\/posts\/42870\/revisions"}],"predecessor-version":[{"id":42871,"href":"https:\/\/www.obispado-mdp.org.ar\/a\/wp-json\/wp\/v2\/posts\/42870\/revisions\/42871"}],"wp:featuredmedia":[{"embeddable":true,"href":"https:\/\/www.obispado-mdp.org.ar\/a\/wp-json\/wp\/v2\/media\/31440"}],"wp:attachment":[{"href":"https:\/\/www.obispado-mdp.org.ar\/a\/wp-json\/wp\/v2\/media?parent=42870"}],"wp:term":[{"taxonomy":"category","embeddable":true,"href":"https:\/\/www.obispado-mdp.org.ar\/a\/wp-json\/wp\/v2\/categories?post=42870"},{"taxonomy":"post_tag","embeddable":true,"href":"https:\/\/www.obispado-mdp.org.ar\/a\/wp-json\/wp\/v2\/tags?post=42870"}],"curies":[{"name":"wp","href":"https:\/\/api.w.org\/{rel}","templated":true}]}}