{"id":42874,"date":"2024-03-24T18:30:00","date_gmt":"2024-03-24T21:30:00","guid":{"rendered":"https:\/\/www.obispado-mdp.org.ar\/a\/?p=42874"},"modified":"2024-01-08T12:09:59","modified_gmt":"2024-01-08T15:09:59","slug":"evangelio-segun-san-marcos-121-11","status":"publish","type":"post","link":"https:\/\/www.obispado-mdp.org.ar\/a\/evangelio-segun-san-marcos-121-11\/","title":{"rendered":"Evangelio seg\u00fan San\u00a0Marcos\u00a012,1-11."},"content":{"rendered":"\n<p>Seis d\u00edas antes de la Pascua, Jes\u00fas volvi\u00f3 a Betania, donde estaba L\u00e1zaro, al que hab\u00eda resucitado.<br>All\u00ed le prepararon una cena: Marta serv\u00eda y L\u00e1zaro era uno de los comensales.<br>Mar\u00eda, tomando una libra de perfume de nardo puro, de mucho precio, ungi\u00f3 con \u00e9l los pies de Jes\u00fas y los sec\u00f3 con sus cabellos. La casa se impregn\u00f3 con la fragancia del perfume.<br>Judas Iscariote, uno de sus disc\u00edpulos, el que lo iba a entregar, dijo:<br>\u00ab\u00bfPor qu\u00e9 no se vendi\u00f3 este perfume en trescientos denarios para d\u00e1rselos a los pobres?\u00bb.<br>Dijo esto, no porque se interesaba por los pobres, sino porque era ladr\u00f3n y, como estaba encargado de la bolsa com\u00fan, robaba lo que se pon\u00eda en ella.<br>Jes\u00fas le respondi\u00f3: \u00abD\u00e9jala. Ella ten\u00eda reservado este perfume para el d\u00eda de mi sepultura.<br>A los pobres los tienen siempre con ustedes, pero a m\u00ed no me tendr\u00e1n siempre\u00bb.<br>Entre tanto, una gran multitud de jud\u00edos se enter\u00f3 de que Jes\u00fas estaba all\u00ed, y fueron, no s\u00f3lo por Jes\u00fas, sino tambi\u00e9n para ver a L\u00e1zaro, al que hab\u00eda resucitado.<br>Entonces los sumos sacerdotes resolvieron matar tambi\u00e9n a L\u00e1zaro,<br>porque muchos jud\u00edos se apartaban de ellos y cre\u00edan en Jes\u00fas, a causa de \u00e9l.<\/p>\n\n\n\n<p class=\"has-text-align-right\"><em>Extra\u00eddo de la Biblia: Libro del Pueblo de Dios. <\/em><\/p>\n","protected":false},"excerpt":{"rendered":"<p>Seis d\u00edas antes de la Pascua, Jes\u00fas volvi\u00f3 a Betania, donde estaba L\u00e1zaro, al que hab\u00eda resucitado.All\u00ed le prepararon una cena: Marta serv\u00eda y L\u00e1zaro era uno de los comensales.Mar\u00eda, tomando una libra de perfume de nardo puro, de mucho precio, ungi\u00f3 con \u00e9l los pies de Jes\u00fas y los sec\u00f3 con sus cabellos. La [&hellip;]<\/p>\n","protected":false},"author":3,"featured_media":31451,"comment_status":"open","ping_status":"closed","sticky":false,"template":"","format":"standard","meta":{"_et_pb_use_builder":"off","_et_pb_old_content":"<!-- wp:paragraph -->\n<p> Al atardecer de ese mismo d\u00eda, el primero de la semana, estando cerradas las puertas del lugar donde se encontraban los disc\u00edpulos, por temor a los jud\u00edos, lleg\u00f3 Jes\u00fas y poni\u00e9ndose en medio de ellos, les dijo: \"\u00a1La paz est\u00e9 con ustedes!\".<br>Mientras dec\u00eda esto, les mostr\u00f3 sus manos y su costado. Los disc\u00edpulos se llenaron de alegr\u00eda cuando vieron al Se\u00f1or.<br>Jes\u00fas les dijo de nuevo: \"\u00a1La paz est\u00e9 con ustedes! Como el Padre me envi\u00f3 a m\u00ed, yo tambi\u00e9n los env\u00edo a ustedes\".<br>Al decirles esto, sopl\u00f3 sobre ellos y a\u00f1adi\u00f3: \"Reciban el Esp\u00edritu Santo.<br>Los pecados ser\u00e1n perdonados a los que ustedes se los perdonen, y ser\u00e1n retenidos a los que ustedes se los retengan\". <\/p>\n<!-- \/wp:paragraph -->\n\n<!-- wp:paragraph {\"align\":\"right\"} -->\n<p class=\"has-text-align-right\"><em>Extra\u00eddo de la Biblia: Libro del Pueblo de Dios. <\/em><\/p>\n<!-- \/wp:paragraph -->","_et_gb_content_width":""},"categories":[6],"tags":[],"aioseo_notices":[],"_links":{"self":[{"href":"https:\/\/www.obispado-mdp.org.ar\/a\/wp-json\/wp\/v2\/posts\/42874"}],"collection":[{"href":"https:\/\/www.obispado-mdp.org.ar\/a\/wp-json\/wp\/v2\/posts"}],"about":[{"href":"https:\/\/www.obispado-mdp.org.ar\/a\/wp-json\/wp\/v2\/types\/post"}],"author":[{"embeddable":true,"href":"https:\/\/www.obispado-mdp.org.ar\/a\/wp-json\/wp\/v2\/users\/3"}],"replies":[{"embeddable":true,"href":"https:\/\/www.obispado-mdp.org.ar\/a\/wp-json\/wp\/v2\/comments?post=42874"}],"version-history":[{"count":1,"href":"https:\/\/www.obispado-mdp.org.ar\/a\/wp-json\/wp\/v2\/posts\/42874\/revisions"}],"predecessor-version":[{"id":42875,"href":"https:\/\/www.obispado-mdp.org.ar\/a\/wp-json\/wp\/v2\/posts\/42874\/revisions\/42875"}],"wp:featuredmedia":[{"embeddable":true,"href":"https:\/\/www.obispado-mdp.org.ar\/a\/wp-json\/wp\/v2\/media\/31451"}],"wp:attachment":[{"href":"https:\/\/www.obispado-mdp.org.ar\/a\/wp-json\/wp\/v2\/media?parent=42874"}],"wp:term":[{"taxonomy":"category","embeddable":true,"href":"https:\/\/www.obispado-mdp.org.ar\/a\/wp-json\/wp\/v2\/categories?post=42874"},{"taxonomy":"post_tag","embeddable":true,"href":"https:\/\/www.obispado-mdp.org.ar\/a\/wp-json\/wp\/v2\/tags?post=42874"}],"curies":[{"name":"wp","href":"https:\/\/api.w.org\/{rel}","templated":true}]}}