{"id":42876,"date":"2024-03-25T18:30:00","date_gmt":"2024-03-25T21:30:00","guid":{"rendered":"https:\/\/www.obispado-mdp.org.ar\/a\/?p=42876"},"modified":"2024-01-08T12:12:26","modified_gmt":"2024-01-08T15:12:26","slug":"evangelio-segun-san-juan-1321-33-36-38-4","status":"publish","type":"post","link":"https:\/\/www.obispado-mdp.org.ar\/a\/evangelio-segun-san-juan-1321-33-36-38-4\/","title":{"rendered":"Evangelio seg\u00fan San\u00a0Juan\u00a013,21-33.36-38."},"content":{"rendered":"\n<p>Jes\u00fas, estando en la mesa con sus disc\u00edpulos, se estremeci\u00f3 y manifest\u00f3 claramente: \u00abLes aseguro que uno de ustedes me entregar\u00e1\u00bb.<br>Los disc\u00edpulos se miraban unos a otros, no sabiendo a qui\u00e9n se refer\u00eda.<br>Uno de ellos -el disc\u00edpulo al que Jes\u00fas amaba- estaba reclinado muy cerca de Jes\u00fas.<br>Sim\u00f3n Pedro le hizo una se\u00f1a y le dijo: \u00abPreg\u00fantale a qui\u00e9n se refiere\u00bb.<br>El se reclin\u00f3 sobre Jes\u00fas y le pregunt\u00f3: \u00abSe\u00f1or, \u00bfqui\u00e9n es?\u00bb.<br>Jes\u00fas le respondi\u00f3: \u00abEs aquel al que dar\u00e9 el bocado que voy a mojar en el plato\u00bb. Y mojando un bocado, se lo dio a Judas, hijo de Sim\u00f3n Iscariote.<br>En cuanto recibi\u00f3 el bocado, Satan\u00e1s entr\u00f3 en \u00e9l. Jes\u00fas le dijo entonces: \u00abRealiza pronto lo que tienes que hacer\u00bb.<br>Pero ninguno de los comensales comprendi\u00f3 por qu\u00e9 le dec\u00eda esto.<br>Como Judas estaba encargado de la bolsa com\u00fan, algunos pensaban que Jes\u00fas quer\u00eda decirle: \u00abCompra lo que hace falta para la fiesta\u00bb, o bien que le mandaba dar algo a los pobres.<br>Y en seguida, despu\u00e9s de recibir el bocado, Judas sali\u00f3. Ya era de noche.<br>Despu\u00e9s que Judas sali\u00f3, Jes\u00fas dijo: \u00abAhora el Hijo del hombre ha sido glorificado y Dios ha sido glorificado en \u00e9l.<br>Si Dios ha sido glorificado en \u00e9l, tambi\u00e9n lo glorificar\u00e1 en s\u00ed mismo, y lo har\u00e1 muy pronto.<br>Hijos m\u00edos, ya no estar\u00e9 mucho tiempo con ustedes. Ustedes me buscar\u00e1n, pero yo les digo ahora lo mismo que dije a los jud\u00edos: &#8216;A donde yo voy, ustedes no pueden venir&#8217;.<br>Sim\u00f3n Pedro le dijo: \u00abSe\u00f1or, \u00bfad\u00f3nde vas?\u00bb. Jes\u00fas le respondi\u00f3: \u00abA donde yo voy, t\u00fa no puedes seguirme ahora, pero m\u00e1s adelante me seguir\u00e1s\u00bb.<br>Pedro le pregunt\u00f3: \u00ab\u00bfPor qu\u00e9 no puedo seguirte ahora? Yo dar\u00e9 mi vida por ti\u00bb.<br>Jes\u00fas le respondi\u00f3: \u00ab\u00bfDar\u00e1s tu vida por m\u00ed? Te aseguro que no cantar\u00e1 el gallo antes que me hayas negado tres veces\u00bb.<\/p>\n\n\n\n<p class=\"has-text-align-right\"><em>Extra\u00eddo de la Biblia: Libro del Pueblo de Dios. <\/em><\/p>\n","protected":false},"excerpt":{"rendered":"<p>Jes\u00fas, estando en la mesa con sus disc\u00edpulos, se estremeci\u00f3 y manifest\u00f3 claramente: \u00abLes aseguro que uno de ustedes me entregar\u00e1\u00bb.Los disc\u00edpulos se miraban unos a otros, no sabiendo a qui\u00e9n se refer\u00eda.Uno de ellos -el disc\u00edpulo al que Jes\u00fas amaba- estaba reclinado muy cerca de Jes\u00fas.Sim\u00f3n Pedro le hizo una se\u00f1a y le dijo: [&hellip;]<\/p>\n","protected":false},"author":3,"featured_media":31452,"comment_status":"open","ping_status":"closed","sticky":false,"template":"","format":"standard","meta":{"_et_pb_use_builder":"off","_et_pb_old_content":"<!-- wp:paragraph -->\n<p> Al atardecer de ese mismo d\u00eda, el primero de la semana, estando cerradas las puertas del lugar donde se encontraban los disc\u00edpulos, por temor a los jud\u00edos, lleg\u00f3 Jes\u00fas y poni\u00e9ndose en medio de ellos, les dijo: \"\u00a1La paz est\u00e9 con ustedes!\".<br>Mientras dec\u00eda esto, les mostr\u00f3 sus manos y su costado. Los disc\u00edpulos se llenaron de alegr\u00eda cuando vieron al Se\u00f1or.<br>Jes\u00fas les dijo de nuevo: \"\u00a1La paz est\u00e9 con ustedes! Como el Padre me envi\u00f3 a m\u00ed, yo tambi\u00e9n los env\u00edo a ustedes\".<br>Al decirles esto, sopl\u00f3 sobre ellos y a\u00f1adi\u00f3: \"Reciban el Esp\u00edritu Santo.<br>Los pecados ser\u00e1n perdonados a los que ustedes se los perdonen, y ser\u00e1n retenidos a los que ustedes se los retengan\". <\/p>\n<!-- \/wp:paragraph -->\n\n<!-- wp:paragraph {\"align\":\"right\"} -->\n<p class=\"has-text-align-right\"><em>Extra\u00eddo de la Biblia: Libro del Pueblo de Dios. <\/em><\/p>\n<!-- \/wp:paragraph -->","_et_gb_content_width":""},"categories":[6],"tags":[],"aioseo_notices":[],"_links":{"self":[{"href":"https:\/\/www.obispado-mdp.org.ar\/a\/wp-json\/wp\/v2\/posts\/42876"}],"collection":[{"href":"https:\/\/www.obispado-mdp.org.ar\/a\/wp-json\/wp\/v2\/posts"}],"about":[{"href":"https:\/\/www.obispado-mdp.org.ar\/a\/wp-json\/wp\/v2\/types\/post"}],"author":[{"embeddable":true,"href":"https:\/\/www.obispado-mdp.org.ar\/a\/wp-json\/wp\/v2\/users\/3"}],"replies":[{"embeddable":true,"href":"https:\/\/www.obispado-mdp.org.ar\/a\/wp-json\/wp\/v2\/comments?post=42876"}],"version-history":[{"count":1,"href":"https:\/\/www.obispado-mdp.org.ar\/a\/wp-json\/wp\/v2\/posts\/42876\/revisions"}],"predecessor-version":[{"id":42877,"href":"https:\/\/www.obispado-mdp.org.ar\/a\/wp-json\/wp\/v2\/posts\/42876\/revisions\/42877"}],"wp:featuredmedia":[{"embeddable":true,"href":"https:\/\/www.obispado-mdp.org.ar\/a\/wp-json\/wp\/v2\/media\/31452"}],"wp:attachment":[{"href":"https:\/\/www.obispado-mdp.org.ar\/a\/wp-json\/wp\/v2\/media?parent=42876"}],"wp:term":[{"taxonomy":"category","embeddable":true,"href":"https:\/\/www.obispado-mdp.org.ar\/a\/wp-json\/wp\/v2\/categories?post=42876"},{"taxonomy":"post_tag","embeddable":true,"href":"https:\/\/www.obispado-mdp.org.ar\/a\/wp-json\/wp\/v2\/tags?post=42876"}],"curies":[{"name":"wp","href":"https:\/\/api.w.org\/{rel}","templated":true}]}}