{"id":42878,"date":"2024-03-26T18:30:00","date_gmt":"2024-03-26T21:30:00","guid":{"rendered":"https:\/\/www.obispado-mdp.org.ar\/a\/?p=42878"},"modified":"2024-01-08T12:13:35","modified_gmt":"2024-01-08T15:13:35","slug":"evangelio-segun-san-mateo-2614-25-4","status":"publish","type":"post","link":"https:\/\/www.obispado-mdp.org.ar\/a\/evangelio-segun-san-mateo-2614-25-4\/","title":{"rendered":"Evangelio seg\u00fan San\u00a0Mateo\u00a026,14-25."},"content":{"rendered":"\n<p>Uno de los Doce, llamado Judas Iscariote, fue a ver a los sumos sacerdotes<br>y les dijo: \u00ab\u00bfCu\u00e1nto me dar\u00e1n si se lo entrego?\u00bb. Y resolvieron darle treinta monedas de plata.<br>Desde ese momento, Judas buscaba una ocasi\u00f3n favorable para entregarlo.<br>El primer d\u00eda de los Acimos, los disc\u00edpulos fueron a preguntar a Jes\u00fas: \u00ab\u00bfD\u00f3nde quieres que te preparemos la comida pascual?\u00bb.<br>El respondi\u00f3: \u00abVayan a la ciudad, a la casa de tal persona, y d\u00edganle: &#8216;El Maestro dice: Se acerca mi hora, voy a celebrar la Pascua en tu casa con mis disc\u00edpulos'\u00bb.<br>Ellos hicieron como Jes\u00fas les hab\u00eda ordenado y prepararon la Pascua.<br>Al atardecer, estaba a la mesa con los Doce<br>y, mientras com\u00edan, Jes\u00fas les dijo: \u00abLes aseguro que uno de ustedes me entregar\u00e1\u00bb.<br>Profundamente apenados, ellos empezaron a preguntarle uno por uno: \u00ab\u00bfSer\u00e9 yo, Se\u00f1or?\u00bb.<br>El respondi\u00f3: \u00abEl que acaba de servirse de la misma fuente que yo, ese me va a entregar.<br>El Hijo del hombre se va, como est\u00e1 escrito de \u00e9l, pero \u00a1ay de aquel por quien el Hijo del hombre ser\u00e1 entregado: m\u00e1s le valdr\u00eda no haber nacido!\u00bb.<br>Judas, el que lo iba a entregar, le pregunt\u00f3: \u00ab\u00bfSer\u00e9 yo, Maestro?\u00bb. \u00abT\u00fa lo has dicho\u00bb, le respondi\u00f3 Jes\u00fas.<\/p>\n\n\n\n<p class=\"has-text-align-right\"><em>Extra\u00eddo de la Biblia: Libro del Pueblo de Dios. <\/em><\/p>\n","protected":false},"excerpt":{"rendered":"<p>Uno de los Doce, llamado Judas Iscariote, fue a ver a los sumos sacerdotesy les dijo: \u00ab\u00bfCu\u00e1nto me dar\u00e1n si se lo entrego?\u00bb. Y resolvieron darle treinta monedas de plata.Desde ese momento, Judas buscaba una ocasi\u00f3n favorable para entregarlo.El primer d\u00eda de los Acimos, los disc\u00edpulos fueron a preguntar a Jes\u00fas: \u00ab\u00bfD\u00f3nde quieres que te [&hellip;]<\/p>\n","protected":false},"author":3,"featured_media":31453,"comment_status":"open","ping_status":"closed","sticky":false,"template":"","format":"standard","meta":{"_et_pb_use_builder":"off","_et_pb_old_content":"<!-- wp:paragraph -->\n<p> Al atardecer de ese mismo d\u00eda, el primero de la semana, estando cerradas las puertas del lugar donde se encontraban los disc\u00edpulos, por temor a los jud\u00edos, lleg\u00f3 Jes\u00fas y poni\u00e9ndose en medio de ellos, les dijo: \"\u00a1La paz est\u00e9 con ustedes!\".<br>Mientras dec\u00eda esto, les mostr\u00f3 sus manos y su costado. Los disc\u00edpulos se llenaron de alegr\u00eda cuando vieron al Se\u00f1or.<br>Jes\u00fas les dijo de nuevo: \"\u00a1La paz est\u00e9 con ustedes! Como el Padre me envi\u00f3 a m\u00ed, yo tambi\u00e9n los env\u00edo a ustedes\".<br>Al decirles esto, sopl\u00f3 sobre ellos y a\u00f1adi\u00f3: \"Reciban el Esp\u00edritu Santo.<br>Los pecados ser\u00e1n perdonados a los que ustedes se los perdonen, y ser\u00e1n retenidos a los que ustedes se los retengan\". <\/p>\n<!-- \/wp:paragraph -->\n\n<!-- wp:paragraph {\"align\":\"right\"} -->\n<p class=\"has-text-align-right\"><em>Extra\u00eddo de la Biblia: Libro del Pueblo de Dios. <\/em><\/p>\n<!-- \/wp:paragraph -->","_et_gb_content_width":""},"categories":[6],"tags":[],"aioseo_notices":[],"_links":{"self":[{"href":"https:\/\/www.obispado-mdp.org.ar\/a\/wp-json\/wp\/v2\/posts\/42878"}],"collection":[{"href":"https:\/\/www.obispado-mdp.org.ar\/a\/wp-json\/wp\/v2\/posts"}],"about":[{"href":"https:\/\/www.obispado-mdp.org.ar\/a\/wp-json\/wp\/v2\/types\/post"}],"author":[{"embeddable":true,"href":"https:\/\/www.obispado-mdp.org.ar\/a\/wp-json\/wp\/v2\/users\/3"}],"replies":[{"embeddable":true,"href":"https:\/\/www.obispado-mdp.org.ar\/a\/wp-json\/wp\/v2\/comments?post=42878"}],"version-history":[{"count":1,"href":"https:\/\/www.obispado-mdp.org.ar\/a\/wp-json\/wp\/v2\/posts\/42878\/revisions"}],"predecessor-version":[{"id":42879,"href":"https:\/\/www.obispado-mdp.org.ar\/a\/wp-json\/wp\/v2\/posts\/42878\/revisions\/42879"}],"wp:featuredmedia":[{"embeddable":true,"href":"https:\/\/www.obispado-mdp.org.ar\/a\/wp-json\/wp\/v2\/media\/31453"}],"wp:attachment":[{"href":"https:\/\/www.obispado-mdp.org.ar\/a\/wp-json\/wp\/v2\/media?parent=42878"}],"wp:term":[{"taxonomy":"category","embeddable":true,"href":"https:\/\/www.obispado-mdp.org.ar\/a\/wp-json\/wp\/v2\/categories?post=42878"},{"taxonomy":"post_tag","embeddable":true,"href":"https:\/\/www.obispado-mdp.org.ar\/a\/wp-json\/wp\/v2\/tags?post=42878"}],"curies":[{"name":"wp","href":"https:\/\/api.w.org\/{rel}","templated":true}]}}