{"id":42880,"date":"2024-03-27T18:30:00","date_gmt":"2024-03-27T21:30:00","guid":{"rendered":"https:\/\/www.obispado-mdp.org.ar\/a\/?p=42880"},"modified":"2024-01-08T12:14:31","modified_gmt":"2024-01-08T15:14:31","slug":"evangelio-segun-san-juan-131-15-4","status":"publish","type":"post","link":"https:\/\/www.obispado-mdp.org.ar\/a\/evangelio-segun-san-juan-131-15-4\/","title":{"rendered":"Evangelio seg\u00fan San\u00a0Juan\u00a013,1-15."},"content":{"rendered":"\n<p>Antes de la fiesta de Pascua, sabiendo Jes\u00fas que hab\u00eda llegado la hora de pasar de este mundo al Padre, \u00e9l, que hab\u00eda amado a los suyos que quedaban en el mundo, los am\u00f3 hasta el fin.<br>Durante la Cena, cuando el demonio ya hab\u00eda inspirado a Judas Iscariote, hijo de Sim\u00f3n, el prop\u00f3sito de entregarlo,<br>sabiendo Jes\u00fas que el Padre hab\u00eda puesto todo en sus manos y que \u00e9l hab\u00eda venido de Dios y volv\u00eda a Dios,<br>se levant\u00f3 de la mesa, se sac\u00f3 el manto y tomando una toalla se la at\u00f3 a la cintura.<br>Luego ech\u00f3 agua en un recipiente y empez\u00f3 a lavar los pies a los disc\u00edpulos y a sec\u00e1rselos con la toalla que ten\u00eda en la cintura.<br>Cuando se acerc\u00f3 a Sim\u00f3n Pedro, este le dijo: \u00ab\u00bfT\u00fa, Se\u00f1or, me vas a lavar los pies a m\u00ed?\u00bb.<br>Jes\u00fas le respondi\u00f3: \u00abNo puedes comprender ahora lo que estoy haciendo, pero despu\u00e9s lo comprender\u00e1s\u00bb.<br>\u00abNo, le dijo Pedro, \u00a1t\u00fa jam\u00e1s me lavar\u00e1s los pies a m\u00ed!\u00bb. Jes\u00fas le respondi\u00f3: \u00abSi yo no te lavo, no podr\u00e1s compartir mi suerte\u00bb.<br>\u00abEntonces, Se\u00f1or, le dijo Sim\u00f3n Pedro, \u00a1no s\u00f3lo los pies, sino tambi\u00e9n las manos y la cabeza!\u00bb.<br>Jes\u00fas le dijo: \u00abEl que se ha ba\u00f1ado no necesita lavarse m\u00e1s que los pies, porque est\u00e1 completamente limpio. Ustedes tambi\u00e9n est\u00e1n limpios, aunque no todos\u00bb.<br>El sab\u00eda qui\u00e9n lo iba a entregar, y por eso hab\u00eda dicho: \u00abNo todos ustedes est\u00e1n limpios\u00bb.<br>Despu\u00e9s de haberles lavado los pies, se puso el manto, volvi\u00f3 a la mesa y les dijo: \u00ab\u00bfcomprenden lo que acabo de hacer con ustedes?<br>Ustedes me llaman Maestro y Se\u00f1or; y tienen raz\u00f3n, porque lo soy.<br>Si yo, que soy el Se\u00f1or y el Maestro, les he lavado los pies, ustedes tambi\u00e9n deben lavarse los pies unos a otros.<br>Les he dado el ejemplo, para que hagan lo mismo que yo hice con ustedes.\u00bb<\/p>\n\n\n\n<p class=\"has-text-align-right\"><em>Extra\u00eddo de la Biblia: Libro del Pueblo de Dios. <\/em><\/p>\n","protected":false},"excerpt":{"rendered":"<p>Antes de la fiesta de Pascua, sabiendo Jes\u00fas que hab\u00eda llegado la hora de pasar de este mundo al Padre, \u00e9l, que hab\u00eda amado a los suyos que quedaban en el mundo, los am\u00f3 hasta el fin.Durante la Cena, cuando el demonio ya hab\u00eda inspirado a Judas Iscariote, hijo de Sim\u00f3n, el prop\u00f3sito de entregarlo,sabiendo [&hellip;]<\/p>\n","protected":false},"author":3,"featured_media":31450,"comment_status":"open","ping_status":"closed","sticky":false,"template":"","format":"standard","meta":{"_et_pb_use_builder":"off","_et_pb_old_content":"<!-- wp:paragraph -->\n<p> Al atardecer de ese mismo d\u00eda, el primero de la semana, estando cerradas las puertas del lugar donde se encontraban los disc\u00edpulos, por temor a los jud\u00edos, lleg\u00f3 Jes\u00fas y poni\u00e9ndose en medio de ellos, les dijo: \"\u00a1La paz est\u00e9 con ustedes!\".<br>Mientras dec\u00eda esto, les mostr\u00f3 sus manos y su costado. Los disc\u00edpulos se llenaron de alegr\u00eda cuando vieron al Se\u00f1or.<br>Jes\u00fas les dijo de nuevo: \"\u00a1La paz est\u00e9 con ustedes! Como el Padre me envi\u00f3 a m\u00ed, yo tambi\u00e9n los env\u00edo a ustedes\".<br>Al decirles esto, sopl\u00f3 sobre ellos y a\u00f1adi\u00f3: \"Reciban el Esp\u00edritu Santo.<br>Los pecados ser\u00e1n perdonados a los que ustedes se los perdonen, y ser\u00e1n retenidos a los que ustedes se los retengan\". <\/p>\n<!-- \/wp:paragraph -->\n\n<!-- wp:paragraph {\"align\":\"right\"} -->\n<p class=\"has-text-align-right\"><em>Extra\u00eddo de la Biblia: Libro del Pueblo de Dios. <\/em><\/p>\n<!-- \/wp:paragraph -->","_et_gb_content_width":""},"categories":[6],"tags":[],"aioseo_notices":[],"_links":{"self":[{"href":"https:\/\/www.obispado-mdp.org.ar\/a\/wp-json\/wp\/v2\/posts\/42880"}],"collection":[{"href":"https:\/\/www.obispado-mdp.org.ar\/a\/wp-json\/wp\/v2\/posts"}],"about":[{"href":"https:\/\/www.obispado-mdp.org.ar\/a\/wp-json\/wp\/v2\/types\/post"}],"author":[{"embeddable":true,"href":"https:\/\/www.obispado-mdp.org.ar\/a\/wp-json\/wp\/v2\/users\/3"}],"replies":[{"embeddable":true,"href":"https:\/\/www.obispado-mdp.org.ar\/a\/wp-json\/wp\/v2\/comments?post=42880"}],"version-history":[{"count":1,"href":"https:\/\/www.obispado-mdp.org.ar\/a\/wp-json\/wp\/v2\/posts\/42880\/revisions"}],"predecessor-version":[{"id":42881,"href":"https:\/\/www.obispado-mdp.org.ar\/a\/wp-json\/wp\/v2\/posts\/42880\/revisions\/42881"}],"wp:featuredmedia":[{"embeddable":true,"href":"https:\/\/www.obispado-mdp.org.ar\/a\/wp-json\/wp\/v2\/media\/31450"}],"wp:attachment":[{"href":"https:\/\/www.obispado-mdp.org.ar\/a\/wp-json\/wp\/v2\/media?parent=42880"}],"wp:term":[{"taxonomy":"category","embeddable":true,"href":"https:\/\/www.obispado-mdp.org.ar\/a\/wp-json\/wp\/v2\/categories?post=42880"},{"taxonomy":"post_tag","embeddable":true,"href":"https:\/\/www.obispado-mdp.org.ar\/a\/wp-json\/wp\/v2\/tags?post=42880"}],"curies":[{"name":"wp","href":"https:\/\/api.w.org\/{rel}","templated":true}]}}