{"id":42921,"date":"2024-01-20T12:18:53","date_gmt":"2024-01-20T15:18:53","guid":{"rendered":"https:\/\/www.obispado-mdp.org.ar\/a\/?p=42921"},"modified":"2024-01-20T12:18:58","modified_gmt":"2024-01-20T15:18:58","slug":"asumio-mons-ernesto-giobando-como-administrador-apostolico","status":"publish","type":"post","link":"https:\/\/www.obispado-mdp.org.ar\/a\/asumio-mons-ernesto-giobando-como-administrador-apostolico\/","title":{"rendered":"ASUMI\u00d3 MONS. ERNESTO GIOBANDO COMO ADMINISTRADOR APOST\u00d3LICO."},"content":{"rendered":"\n<p class=\"has-pale-cyan-blue-background-color has-background\"><strong>Lleg\u00f3 a Mar del Plata el Administrador Apost\u00f3lico Mons. Ernesto Giobando y se hizo cargo de la di\u00f3cesis en la sede del obispado.<\/strong><\/p>\n\n\n\n<p>Para iniciar la primera reuni\u00f3n del Administrador Apost\u00f3lico, Mons Ernesto Giobando junto al Colegio de Consultores de la di\u00f3cesis realizaron una invocaci\u00f3n religiosa.<\/p>\n\n\n\n<p>En el segundo momento de la reuni\u00f3n, luego de las respectivas presentaciones personales, el Canciller de la Di\u00f3cesis, Pbro. Ezequiel Kseim, di\u00f3 lectura al Decreto del nombramiento firmado por el Papa Francisco en el que nombra como Administrador Apost\u00f3lico de la di\u00f3cesis de Mar del Plata a Monse\u00f1or Ernesto Giobando, SJ. obispo titular de Appiaria y auxiliar de Buenos Aires.<\/p>\n\n\n\n<p><br>Posteriormente Mons. Giobando di\u00f3 lectura a la f\u00f3rmula de juramento y lo hizo sobre los Santos Evangelios.<br>De este modo ha tomado posesi\u00f3n de la sede vacante de la Di\u00f3cesis marplatense.<br>Luego continu\u00f3 la reuni\u00f3n de trabajo del nuevo Administrador Apost\u00f3lico con los sacerdotes del Colegio de Consultores.<br>Por \u00faltimo, a las 20hs compartieron la Eucarist\u00eda en la Iglesia Catedral en la que la di\u00f3cesis de Mar del Plata le da la bienvenida a Mons Ernesto Giobando para caminar juntos a los desafios apost\u00f3licos de toda la comunidad.<\/p>\n\n\n\n<p>Mons Giobando es Obispo titular de Appiaria y auxiliar de Buenos Aires. Naci\u00f3 en la ciudad de Santa Fe, el 13 de diciembre de 1959; ordenado sacerdote en la Compa\u00f1\u00eda de Jes\u00fas el 17 de noviembre de 1990 en el Colegio M\u00e1ximo, por Mons. Jos\u00e9 Manuel Lorenzo, obispo de San Miguel; elegido obispo titular de Appiaria y auxiliar de Buenos Aires, el 5 de marzo de 2014 por el papa Francisco; ordenado obispo el 3 de mayo de 2014 en la catedral de Buenos Aires por el Card. Mario Aurelio Poli, arzobispo de Buenos Aires (co-consagrantes: Mons. Jorge Rub\u00e9n Lugones SJ, obispo de Lomas de Zamora; Mons. Hugo Manuel Salaberry SJ, obispo de Azul; y Mons. C\u00e9sar Daniel Fern\u00e1ndez, obispo de Jujuy. En la Conferencia Episcopal es miembro de la comisi\u00f3n Apostolado de los Laicos y Pastoral Familiar. En la arquidi\u00f3cesis de Buenos Aires es el vicario episcopal de la zona Flores.<\/p>\n\n\n\n<figure class=\"wp-container-2 wp-block-gallery-1 wp-block-gallery has-nested-images columns-default is-cropped\">\n<figure class=\"wp-block-image size-large\"><img loading=\"lazy\" width=\"1024\" height=\"768\" data-id=\"42925\"  src=\"https:\/\/www.obispado-mdp.org.ar\/a\/wp-content\/uploads\/2024\/01\/8d2b0aff-45fb-4704-86d7-9d39945a994b-1-1024x768.jpg\" alt=\"\" class=\"wp-image-42925\"\/><\/figure>\n\n\n\n<figure class=\"wp-block-image size-large\"><img loading=\"lazy\" width=\"768\" height=\"1024\" data-id=\"42926\"  src=\"https:\/\/www.obispado-mdp.org.ar\/a\/wp-content\/uploads\/2024\/01\/487fa597-9594-4ef4-9f3b-7592346601c2-768x1024.jpg\" alt=\"\" class=\"wp-image-42926\"\/><\/figure>\n\n\n\n<figure class=\"wp-block-image size-large\"><img loading=\"lazy\" width=\"1024\" height=\"768\" data-id=\"42927\"  src=\"https:\/\/www.obispado-mdp.org.ar\/a\/wp-content\/uploads\/2024\/01\/abd4a298-4928-44b5-a0da-2f4924cd5593-1024x768.jpg\" alt=\"\" class=\"wp-image-42927\"\/><\/figure>\n\n\n\n<figure class=\"wp-block-image size-large\"><img loading=\"lazy\" width=\"768\" height=\"1024\" data-id=\"42923\"  src=\"https:\/\/www.obispado-mdp.org.ar\/a\/wp-content\/uploads\/2024\/01\/120f48cf-a61f-4ce7-ac93-34f75ff23d6c-768x1024.jpg\" alt=\"\" class=\"wp-image-42923\"\/><\/figure>\n\n\n\n<figure class=\"wp-block-image size-large\"><img loading=\"lazy\" width=\"768\" height=\"1024\" data-id=\"42924\"  src=\"https:\/\/www.obispado-mdp.org.ar\/a\/wp-content\/uploads\/2024\/01\/f5bc100a-c394-4ab2-b621-95a7b4eb57cc-768x1024.jpg\" alt=\"\" class=\"wp-image-42924\"\/><\/figure>\n<\/figure>\n","protected":false},"excerpt":{"rendered":"<p>Lleg\u00f3 a Mar del Plata el Administrador Apost\u00f3lico Mons. Ernesto Giobando y se hizo cargo de la di\u00f3cesis en la sede del obispado. Para iniciar la primera reuni\u00f3n del Administrador Apost\u00f3lico, Mons Ernesto Giobando junto al Colegio de Consultores de la di\u00f3cesis realizaron una invocaci\u00f3n religiosa. En el segundo momento de la reuni\u00f3n, luego de [&hellip;]<\/p>\n","protected":false},"author":4,"featured_media":42922,"comment_status":"open","ping_status":"open","sticky":false,"template":"","format":"standard","meta":{"_et_pb_use_builder":"","_et_pb_old_content":"","_et_gb_content_width":""},"categories":[4],"tags":[],"aioseo_notices":[],"_links":{"self":[{"href":"https:\/\/www.obispado-mdp.org.ar\/a\/wp-json\/wp\/v2\/posts\/42921"}],"collection":[{"href":"https:\/\/www.obispado-mdp.org.ar\/a\/wp-json\/wp\/v2\/posts"}],"about":[{"href":"https:\/\/www.obispado-mdp.org.ar\/a\/wp-json\/wp\/v2\/types\/post"}],"author":[{"embeddable":true,"href":"https:\/\/www.obispado-mdp.org.ar\/a\/wp-json\/wp\/v2\/users\/4"}],"replies":[{"embeddable":true,"href":"https:\/\/www.obispado-mdp.org.ar\/a\/wp-json\/wp\/v2\/comments?post=42921"}],"version-history":[{"count":1,"href":"https:\/\/www.obispado-mdp.org.ar\/a\/wp-json\/wp\/v2\/posts\/42921\/revisions"}],"predecessor-version":[{"id":42928,"href":"https:\/\/www.obispado-mdp.org.ar\/a\/wp-json\/wp\/v2\/posts\/42921\/revisions\/42928"}],"wp:featuredmedia":[{"embeddable":true,"href":"https:\/\/www.obispado-mdp.org.ar\/a\/wp-json\/wp\/v2\/media\/42922"}],"wp:attachment":[{"href":"https:\/\/www.obispado-mdp.org.ar\/a\/wp-json\/wp\/v2\/media?parent=42921"}],"wp:term":[{"taxonomy":"category","embeddable":true,"href":"https:\/\/www.obispado-mdp.org.ar\/a\/wp-json\/wp\/v2\/categories?post=42921"},{"taxonomy":"post_tag","embeddable":true,"href":"https:\/\/www.obispado-mdp.org.ar\/a\/wp-json\/wp\/v2\/tags?post=42921"}],"curies":[{"name":"wp","href":"https:\/\/api.w.org\/{rel}","templated":true}]}}