{"id":42938,"date":"2024-01-21T07:25:27","date_gmt":"2024-01-21T10:25:27","guid":{"rendered":"https:\/\/www.obispado-mdp.org.ar\/a\/?p=42938"},"modified":"2024-01-21T07:26:00","modified_gmt":"2024-01-21T10:26:00","slug":"maria-reina-de-las-misiones","status":"publish","type":"post","link":"https:\/\/www.obispado-mdp.org.ar\/a\/maria-reina-de-las-misiones\/","title":{"rendered":"MARIA REINA DE LAS MISIONES."},"content":{"rendered":"\n<p class=\"has-pale-cyan-blue-background-color has-background\"><strong>Visita la di\u00f3cesis de Mar del Plata una imagen peregrina de Mar\u00eda Reina de las Misiones<\/strong>.<\/p>\n\n\n\n<p>En el marco de lo emanado del VI Congreso Misionero Nacional, celebrado en 2023, una imagen peregrina de Nuestra Se\u00f1ora de las Misiones se encuentra recorriendo nuestro pa\u00eds. En este momento se encuentra visitando nuestra di\u00f3cesis de Mar del Plata, recibiendo la devoci\u00f3n de locales y turistas.<\/p>\n\n\n\n<p>La imagen, proveniente de la di\u00f3cesis de Azul, ya visit\u00f3 las localidades de Balcarce \u2013donde adem\u00e1s se la llev\u00f3 al Escuadr\u00f3n de Gendarmer\u00eda- y de Necochea, donde fue recibida en la Parroquia Nuestra Se\u00f1ora de Lourdes, ubicada en el sector de la villa balnearia. <\/p>\n\n\n\n<p>Recientemente la \u201cVirgen Misionera\u201d visit\u00f3 Miramar, y pr\u00f3ximamente har\u00e1 lo propio en Villa Gesell, donde ser\u00e1 recibida por los fieles y podr\u00e1 ser venerada en las Misas de este domingo 21, a las 11, 20 y 21:15 horas.<\/p>\n\n\n\n<p>Cabe recordar que el itinerario nacional comenz\u00f3 en la Regi\u00f3n Patagonia y finalizar\u00e1 en 2025 en la Regi\u00f3n NEA, destac\u00e1ndose durante el mismo la presencia en el Primer Congreso Americano Misionero a celebrarse en septiembre del corriente a\u00f1o en la Arquidi\u00f3cesis de Paran\u00e1.<\/p>\n\n\n\n<figure class=\"wp-container-2 wp-block-gallery-1 wp-block-gallery has-nested-images columns-default is-cropped\">\n<figure class=\"wp-block-image size-large\"><img loading=\"lazy\" width=\"1024\" height=\"576\" data-id=\"42941\"  src=\"https:\/\/www.obispado-mdp.org.ar\/a\/wp-content\/uploads\/2024\/01\/09a69e1d-37a0-4767-a2f4-78fbc8e252ea-1024x576.jpg\" alt=\"\" class=\"wp-image-42941\"\/><\/figure>\n\n\n\n<figure class=\"wp-block-image size-large\"><img loading=\"lazy\" width=\"576\" height=\"1024\" data-id=\"42946\"  src=\"https:\/\/www.obispado-mdp.org.ar\/a\/wp-content\/uploads\/2024\/01\/36ded7b5-5cf7-4e35-bb57-2368a47811c9-576x1024.jpg\" alt=\"\" class=\"wp-image-42946\"\/><\/figure>\n\n\n\n<figure class=\"wp-block-image size-large\"><img loading=\"lazy\" width=\"576\" height=\"1024\" data-id=\"42945\"  src=\"https:\/\/www.obispado-mdp.org.ar\/a\/wp-content\/uploads\/2024\/01\/68f29dbc-01de-47d8-b1b4-6ab24cdc78bd-576x1024.jpg\" alt=\"\" class=\"wp-image-42945\"\/><\/figure>\n\n\n\n<figure class=\"wp-block-image size-large\"><img loading=\"lazy\" width=\"1024\" height=\"997\" data-id=\"42942\"  src=\"https:\/\/www.obispado-mdp.org.ar\/a\/wp-content\/uploads\/2024\/01\/65890fb4-fc4c-4eef-abb3-b32c76c35880-1024x997.jpg\" alt=\"\" class=\"wp-image-42942\"\/><\/figure>\n\n\n\n<figure class=\"wp-block-image size-large\"><img loading=\"lazy\" width=\"484\" height=\"1024\" data-id=\"42939\"  src=\"https:\/\/www.obispado-mdp.org.ar\/a\/wp-content\/uploads\/2024\/01\/7533233a-d937-4c1a-b95a-2985c90d612d-484x1024.jpg\" alt=\"\" class=\"wp-image-42939\"\/><\/figure>\n\n\n\n<figure class=\"wp-block-image size-large\"><img loading=\"lazy\" width=\"1024\" height=\"891\" data-id=\"42943\"  src=\"https:\/\/www.obispado-mdp.org.ar\/a\/wp-content\/uploads\/2024\/01\/a69e7d1f-e0c1-4891-b22b-82a82b1c3e08-1024x891.jpg\" alt=\"\" class=\"wp-image-42943\"\/><\/figure>\n\n\n\n<figure class=\"wp-block-image size-large\"><img loading=\"lazy\" width=\"848\" height=\"1024\" data-id=\"42944\"  src=\"https:\/\/www.obispado-mdp.org.ar\/a\/wp-content\/uploads\/2024\/01\/b1a28896-03b3-4c03-825b-7107818d57a3-848x1024.jpg\" alt=\"\" class=\"wp-image-42944\"\/><\/figure>\n\n\n\n<figure class=\"wp-block-image size-large\"><img loading=\"lazy\" width=\"1024\" height=\"576\" data-id=\"42940\"  src=\"https:\/\/www.obispado-mdp.org.ar\/a\/wp-content\/uploads\/2024\/01\/c226cdcc-4b9f-456e-89d6-cfa8d5212da6-1024x576.jpg\" alt=\"\" class=\"wp-image-42940\"\/><\/figure>\n<\/figure>\n","protected":false},"excerpt":{"rendered":"<p>Visita la di\u00f3cesis de Mar del Plata una imagen peregrina de Mar\u00eda Reina de las Misiones. En el marco de lo emanado del VI Congreso Misionero Nacional, celebrado en 2023, una imagen peregrina de Nuestra Se\u00f1ora de las Misiones se encuentra recorriendo nuestro pa\u00eds. En este momento se encuentra visitando nuestra di\u00f3cesis de Mar del [&hellip;]<\/p>\n","protected":false},"author":4,"featured_media":42947,"comment_status":"open","ping_status":"open","sticky":false,"template":"","format":"standard","meta":{"_et_pb_use_builder":"","_et_pb_old_content":"","_et_gb_content_width":""},"categories":[4],"tags":[],"aioseo_notices":[],"_links":{"self":[{"href":"https:\/\/www.obispado-mdp.org.ar\/a\/wp-json\/wp\/v2\/posts\/42938"}],"collection":[{"href":"https:\/\/www.obispado-mdp.org.ar\/a\/wp-json\/wp\/v2\/posts"}],"about":[{"href":"https:\/\/www.obispado-mdp.org.ar\/a\/wp-json\/wp\/v2\/types\/post"}],"author":[{"embeddable":true,"href":"https:\/\/www.obispado-mdp.org.ar\/a\/wp-json\/wp\/v2\/users\/4"}],"replies":[{"embeddable":true,"href":"https:\/\/www.obispado-mdp.org.ar\/a\/wp-json\/wp\/v2\/comments?post=42938"}],"version-history":[{"count":2,"href":"https:\/\/www.obispado-mdp.org.ar\/a\/wp-json\/wp\/v2\/posts\/42938\/revisions"}],"predecessor-version":[{"id":42949,"href":"https:\/\/www.obispado-mdp.org.ar\/a\/wp-json\/wp\/v2\/posts\/42938\/revisions\/42949"}],"wp:featuredmedia":[{"embeddable":true,"href":"https:\/\/www.obispado-mdp.org.ar\/a\/wp-json\/wp\/v2\/media\/42947"}],"wp:attachment":[{"href":"https:\/\/www.obispado-mdp.org.ar\/a\/wp-json\/wp\/v2\/media?parent=42938"}],"wp:term":[{"taxonomy":"category","embeddable":true,"href":"https:\/\/www.obispado-mdp.org.ar\/a\/wp-json\/wp\/v2\/categories?post=42938"},{"taxonomy":"post_tag","embeddable":true,"href":"https:\/\/www.obispado-mdp.org.ar\/a\/wp-json\/wp\/v2\/tags?post=42938"}],"curies":[{"name":"wp","href":"https:\/\/api.w.org\/{rel}","templated":true}]}}