{"id":42994,"date":"2024-04-19T18:30:00","date_gmt":"2024-04-19T21:30:00","guid":{"rendered":"https:\/\/www.obispado-mdp.org.ar\/a\/?p=42994"},"modified":"2024-04-03T17:07:09","modified_gmt":"2024-04-03T20:07:09","slug":"evangelio-segun-juan-660-69","status":"publish","type":"post","link":"https:\/\/www.obispado-mdp.org.ar\/a\/evangelio-segun-juan-660-69\/","title":{"rendered":"Evangelio seg\u00fan San Juan\u00a06,60-69."},"content":{"rendered":"\n<p>Despu\u00e9s de o\u00edrlo, muchos de sus disc\u00edpulos dec\u00edan: \u00ab\u00a1Es duro este lenguaje! \u00bfQui\u00e9n puede escucharlo?\u00bb.<br>Jes\u00fas, sabiendo lo que sus disc\u00edpulos murmuraban, les dijo: \u00ab\u00bfEsto los escandaliza?<br>\u00bfQu\u00e9 pasar\u00e1, entonces, cuando vean al Hijo del hombre subir donde estaba antes?<br>El Esp\u00edritu es el que da Vida, la carne de nada sirve. Las palabras que les dije son Esp\u00edritu y Vida.<br>Pero hay entre ustedes algunos que no creen\u00bb. En efecto, Jes\u00fas sab\u00eda desde el primer momento qui\u00e9nes eran los que no cre\u00edan y qui\u00e9n era el que lo iba a entregar.<br>Y agreg\u00f3: \u00abPor eso les he dicho que nadie puede venir a m\u00ed, si el Padre no se lo concede\u00bb.<br>Desde ese momento, muchos de sus disc\u00edpulos se alejaron de \u00e9l y dejaron de acompa\u00f1arlo.<br>Jes\u00fas pregunt\u00f3 entonces a los Doce: \u00ab\u00bfTambi\u00e9n ustedes quieren irse?\u00bb.<br>Sim\u00f3n Pedro le respondi\u00f3: \u00abSe\u00f1or, \u00bfa qui\u00e9n iremos? T\u00fa tienes palabras de Vida eterna.<br>Nosotros hemos cre\u00eddo y sabemos que eres el Santo de Dios\u00bb.<\/p>\n\n\n\n<p class=\"has-text-align-right\"><em>Extra\u00eddo de la Biblia: Libro del Pueblo de Dios. <\/em><\/p>\n","protected":false},"excerpt":{"rendered":"<p>Despu\u00e9s de o\u00edrlo, muchos de sus disc\u00edpulos dec\u00edan: \u00ab\u00a1Es duro este lenguaje! \u00bfQui\u00e9n puede escucharlo?\u00bb.Jes\u00fas, sabiendo lo que sus disc\u00edpulos murmuraban, les dijo: \u00ab\u00bfEsto los escandaliza?\u00bfQu\u00e9 pasar\u00e1, entonces, cuando vean al Hijo del hombre subir donde estaba antes?El Esp\u00edritu es el que da Vida, la carne de nada sirve. Las palabras que les dije son [&hellip;]<\/p>\n","protected":false},"author":3,"featured_media":31440,"comment_status":"open","ping_status":"closed","sticky":false,"template":"","format":"standard","meta":{"_et_pb_use_builder":"off","_et_pb_old_content":"<!-- wp:paragraph -->\n<p> Al atardecer de ese mismo d\u00eda, el primero de la semana, estando cerradas las puertas del lugar donde se encontraban los disc\u00edpulos, por temor a los jud\u00edos, lleg\u00f3 Jes\u00fas y poni\u00e9ndose en medio de ellos, les dijo: \"\u00a1La paz est\u00e9 con ustedes!\".<br>Mientras dec\u00eda esto, les mostr\u00f3 sus manos y su costado. Los disc\u00edpulos se llenaron de alegr\u00eda cuando vieron al Se\u00f1or.<br>Jes\u00fas les dijo de nuevo: \"\u00a1La paz est\u00e9 con ustedes! Como el Padre me envi\u00f3 a m\u00ed, yo tambi\u00e9n los env\u00edo a ustedes\".<br>Al decirles esto, sopl\u00f3 sobre ellos y a\u00f1adi\u00f3: \"Reciban el Esp\u00edritu Santo.<br>Los pecados ser\u00e1n perdonados a los que ustedes se los perdonen, y ser\u00e1n retenidos a los que ustedes se los retengan\". <\/p>\n<!-- \/wp:paragraph -->\n\n<!-- wp:paragraph {\"align\":\"right\"} -->\n<p class=\"has-text-align-right\"><em>Extra\u00eddo de la Biblia: Libro del Pueblo de Dios. <\/em><\/p>\n<!-- \/wp:paragraph -->","_et_gb_content_width":""},"categories":[6],"tags":[],"aioseo_notices":[],"_links":{"self":[{"href":"https:\/\/www.obispado-mdp.org.ar\/a\/wp-json\/wp\/v2\/posts\/42994"}],"collection":[{"href":"https:\/\/www.obispado-mdp.org.ar\/a\/wp-json\/wp\/v2\/posts"}],"about":[{"href":"https:\/\/www.obispado-mdp.org.ar\/a\/wp-json\/wp\/v2\/types\/post"}],"author":[{"embeddable":true,"href":"https:\/\/www.obispado-mdp.org.ar\/a\/wp-json\/wp\/v2\/users\/3"}],"replies":[{"embeddable":true,"href":"https:\/\/www.obispado-mdp.org.ar\/a\/wp-json\/wp\/v2\/comments?post=42994"}],"version-history":[{"count":2,"href":"https:\/\/www.obispado-mdp.org.ar\/a\/wp-json\/wp\/v2\/posts\/42994\/revisions"}],"predecessor-version":[{"id":43493,"href":"https:\/\/www.obispado-mdp.org.ar\/a\/wp-json\/wp\/v2\/posts\/42994\/revisions\/43493"}],"wp:featuredmedia":[{"embeddable":true,"href":"https:\/\/www.obispado-mdp.org.ar\/a\/wp-json\/wp\/v2\/media\/31440"}],"wp:attachment":[{"href":"https:\/\/www.obispado-mdp.org.ar\/a\/wp-json\/wp\/v2\/media?parent=42994"}],"wp:term":[{"taxonomy":"category","embeddable":true,"href":"https:\/\/www.obispado-mdp.org.ar\/a\/wp-json\/wp\/v2\/categories?post=42994"},{"taxonomy":"post_tag","embeddable":true,"href":"https:\/\/www.obispado-mdp.org.ar\/a\/wp-json\/wp\/v2\/tags?post=42994"}],"curies":[{"name":"wp","href":"https:\/\/api.w.org\/{rel}","templated":true}]}}