{"id":43008,"date":"2024-04-26T18:30:00","date_gmt":"2024-04-26T21:30:00","guid":{"rendered":"https:\/\/www.obispado-mdp.org.ar\/a\/?p=43008"},"modified":"2024-04-03T17:04:10","modified_gmt":"2024-04-03T20:04:10","slug":"evangelio-segun-juan-147-14","status":"publish","type":"post","link":"https:\/\/www.obispado-mdp.org.ar\/a\/evangelio-segun-juan-147-14\/","title":{"rendered":"Evangelio seg\u00fan San Juan\u00a014,7-14."},"content":{"rendered":"\n<p>Jes\u00fas dijo a sus disc\u00edpulos:<br>\u00abSi ustedes me conocen, conocer\u00e1n tambi\u00e9n a mi Padre. Ya desde ahora lo conocen y lo han visto\u00bb.<br>Felipe le dijo: \u00abSe\u00f1or, mu\u00e9stranos al Padre y eso nos basta\u00bb.<br>Jes\u00fas le respondi\u00f3: \u00abFelipe, hace tanto tiempo que estoy con ustedes, \u00bfy todav\u00eda no me conocen? El que me ha visto, ha visto al Padre. \u00bfComo dices: &#8216;Mu\u00e9stranos al Padre&#8217;?<br>\u00bfNo crees que yo estoy en el Padre y que el Padre est\u00e1 en m\u00ed? Las palabras que digo no son m\u00edas: el Padre que habita en m\u00ed es el que hace las obras.<br>Cr\u00e9anme: yo estoy en el Padre y el Padre est\u00e1 en m\u00ed. Cr\u00e9anlo, al menos, por las obras.<br>Les aseguro que el que cree en m\u00ed har\u00e1 tambi\u00e9n las obras que yo hago, y a\u00fan mayores, porque yo me voy al Padre.\u00bb<br>Y yo har\u00e9 todo lo que ustedes pidan en mi Nombre, para que el Padre sea glorificado en el Hijo.<br>Si ustedes me piden algo en mi Nombre, yo lo har\u00e9.\u00bb<\/p>\n\n\n\n<p class=\"has-text-align-right\"><em>Extra\u00eddo de la Biblia: Libro del Pueblo de Dios. <\/em><\/p>\n","protected":false},"excerpt":{"rendered":"<p>Jes\u00fas dijo a sus disc\u00edpulos:\u00abSi ustedes me conocen, conocer\u00e1n tambi\u00e9n a mi Padre. Ya desde ahora lo conocen y lo han visto\u00bb.Felipe le dijo: \u00abSe\u00f1or, mu\u00e9stranos al Padre y eso nos basta\u00bb.Jes\u00fas le respondi\u00f3: \u00abFelipe, hace tanto tiempo que estoy con ustedes, \u00bfy todav\u00eda no me conocen? El que me ha visto, ha visto al [&hellip;]<\/p>\n","protected":false},"author":3,"featured_media":31440,"comment_status":"open","ping_status":"closed","sticky":false,"template":"","format":"standard","meta":{"_et_pb_use_builder":"off","_et_pb_old_content":"<!-- wp:paragraph -->\n<p> Al atardecer de ese mismo d\u00eda, el primero de la semana, estando cerradas las puertas del lugar donde se encontraban los disc\u00edpulos, por temor a los jud\u00edos, lleg\u00f3 Jes\u00fas y poni\u00e9ndose en medio de ellos, les dijo: \"\u00a1La paz est\u00e9 con ustedes!\".<br>Mientras dec\u00eda esto, les mostr\u00f3 sus manos y su costado. Los disc\u00edpulos se llenaron de alegr\u00eda cuando vieron al Se\u00f1or.<br>Jes\u00fas les dijo de nuevo: \"\u00a1La paz est\u00e9 con ustedes! Como el Padre me envi\u00f3 a m\u00ed, yo tambi\u00e9n los env\u00edo a ustedes\".<br>Al decirles esto, sopl\u00f3 sobre ellos y a\u00f1adi\u00f3: \"Reciban el Esp\u00edritu Santo.<br>Los pecados ser\u00e1n perdonados a los que ustedes se los perdonen, y ser\u00e1n retenidos a los que ustedes se los retengan\". <\/p>\n<!-- \/wp:paragraph -->\n\n<!-- wp:paragraph {\"align\":\"right\"} -->\n<p class=\"has-text-align-right\"><em>Extra\u00eddo de la Biblia: Libro del Pueblo de Dios. <\/em><\/p>\n<!-- \/wp:paragraph -->","_et_gb_content_width":""},"categories":[6],"tags":[],"aioseo_notices":[],"_links":{"self":[{"href":"https:\/\/www.obispado-mdp.org.ar\/a\/wp-json\/wp\/v2\/posts\/43008"}],"collection":[{"href":"https:\/\/www.obispado-mdp.org.ar\/a\/wp-json\/wp\/v2\/posts"}],"about":[{"href":"https:\/\/www.obispado-mdp.org.ar\/a\/wp-json\/wp\/v2\/types\/post"}],"author":[{"embeddable":true,"href":"https:\/\/www.obispado-mdp.org.ar\/a\/wp-json\/wp\/v2\/users\/3"}],"replies":[{"embeddable":true,"href":"https:\/\/www.obispado-mdp.org.ar\/a\/wp-json\/wp\/v2\/comments?post=43008"}],"version-history":[{"count":2,"href":"https:\/\/www.obispado-mdp.org.ar\/a\/wp-json\/wp\/v2\/posts\/43008\/revisions"}],"predecessor-version":[{"id":43486,"href":"https:\/\/www.obispado-mdp.org.ar\/a\/wp-json\/wp\/v2\/posts\/43008\/revisions\/43486"}],"wp:featuredmedia":[{"embeddable":true,"href":"https:\/\/www.obispado-mdp.org.ar\/a\/wp-json\/wp\/v2\/media\/31440"}],"wp:attachment":[{"href":"https:\/\/www.obispado-mdp.org.ar\/a\/wp-json\/wp\/v2\/media?parent=43008"}],"wp:term":[{"taxonomy":"category","embeddable":true,"href":"https:\/\/www.obispado-mdp.org.ar\/a\/wp-json\/wp\/v2\/categories?post=43008"},{"taxonomy":"post_tag","embeddable":true,"href":"https:\/\/www.obispado-mdp.org.ar\/a\/wp-json\/wp\/v2\/tags?post=43008"}],"curies":[{"name":"wp","href":"https:\/\/api.w.org\/{rel}","templated":true}]}}