{"id":43012,"date":"2024-04-28T18:30:00","date_gmt":"2024-04-28T21:30:00","guid":{"rendered":"https:\/\/www.obispado-mdp.org.ar\/a\/?p=43012"},"modified":"2024-04-03T17:03:21","modified_gmt":"2024-04-03T20:03:21","slug":"evangelio-segun-juan-1421-26","status":"publish","type":"post","link":"https:\/\/www.obispado-mdp.org.ar\/a\/evangelio-segun-juan-1421-26\/","title":{"rendered":"Evangelio seg\u00fan San Juan\u00a014,21-26."},"content":{"rendered":"\n<p>Jes\u00fas dijo a sus disc\u00edpulos:<br>\u00abEl que recibe mis mandamientos y los cumple, ese es el que me ama; y el que me ama ser\u00e1 amado por mi Padre, y yo lo amar\u00e9 y me manifestar\u00e9 a \u00e9l\u00bb.<br>Judas -no el Iscariote- le dijo: \u00abSe\u00f1or, \u00bfpor qu\u00e9 te vas a manifestar a nosotros y no al mundo?\u00bb.<br>Jes\u00fas le respondi\u00f3: \u00abEl que me ama ser\u00e1 fiel a mi palabra, y mi Padre lo amar\u00e1; iremos a \u00e9l y habitaremos en \u00e9l.<br>El que no me ama no es fiel a mis palabras. La palabra que ustedes oyeron no es m\u00eda, sino del Padre que me envi\u00f3.<br>Yo les digo estas cosas mientras permanezco con ustedes.<br>Pero el Par\u00e1clito, el Esp\u00edritu Santo, que el Padre enviar\u00e1 en mi Nombre, les ense\u00f1ar\u00e1 todo y les recordar\u00e1 lo que les he dicho.\u00bb<\/p>\n\n\n\n<p class=\"has-text-align-right\"><em>Extra\u00eddo de la Biblia: Libro del Pueblo de Dios. <\/em><\/p>\n","protected":false},"excerpt":{"rendered":"<p>Jes\u00fas dijo a sus disc\u00edpulos:\u00abEl que recibe mis mandamientos y los cumple, ese es el que me ama; y el que me ama ser\u00e1 amado por mi Padre, y yo lo amar\u00e9 y me manifestar\u00e9 a \u00e9l\u00bb.Judas -no el Iscariote- le dijo: \u00abSe\u00f1or, \u00bfpor qu\u00e9 te vas a manifestar a nosotros y no al mundo?\u00bb.Jes\u00fas [&hellip;]<\/p>\n","protected":false},"author":3,"featured_media":31451,"comment_status":"open","ping_status":"closed","sticky":false,"template":"","format":"standard","meta":{"_et_pb_use_builder":"off","_et_pb_old_content":"<!-- wp:paragraph -->\n<p> Al atardecer de ese mismo d\u00eda, el primero de la semana, estando cerradas las puertas del lugar donde se encontraban los disc\u00edpulos, por temor a los jud\u00edos, lleg\u00f3 Jes\u00fas y poni\u00e9ndose en medio de ellos, les dijo: \"\u00a1La paz est\u00e9 con ustedes!\".<br>Mientras dec\u00eda esto, les mostr\u00f3 sus manos y su costado. Los disc\u00edpulos se llenaron de alegr\u00eda cuando vieron al Se\u00f1or.<br>Jes\u00fas les dijo de nuevo: \"\u00a1La paz est\u00e9 con ustedes! Como el Padre me envi\u00f3 a m\u00ed, yo tambi\u00e9n los env\u00edo a ustedes\".<br>Al decirles esto, sopl\u00f3 sobre ellos y a\u00f1adi\u00f3: \"Reciban el Esp\u00edritu Santo.<br>Los pecados ser\u00e1n perdonados a los que ustedes se los perdonen, y ser\u00e1n retenidos a los que ustedes se los retengan\". <\/p>\n<!-- \/wp:paragraph -->\n\n<!-- wp:paragraph {\"align\":\"right\"} -->\n<p class=\"has-text-align-right\"><em>Extra\u00eddo de la Biblia: Libro del Pueblo de Dios. <\/em><\/p>\n<!-- \/wp:paragraph -->","_et_gb_content_width":""},"categories":[6],"tags":[],"aioseo_notices":[],"_links":{"self":[{"href":"https:\/\/www.obispado-mdp.org.ar\/a\/wp-json\/wp\/v2\/posts\/43012"}],"collection":[{"href":"https:\/\/www.obispado-mdp.org.ar\/a\/wp-json\/wp\/v2\/posts"}],"about":[{"href":"https:\/\/www.obispado-mdp.org.ar\/a\/wp-json\/wp\/v2\/types\/post"}],"author":[{"embeddable":true,"href":"https:\/\/www.obispado-mdp.org.ar\/a\/wp-json\/wp\/v2\/users\/3"}],"replies":[{"embeddable":true,"href":"https:\/\/www.obispado-mdp.org.ar\/a\/wp-json\/wp\/v2\/comments?post=43012"}],"version-history":[{"count":2,"href":"https:\/\/www.obispado-mdp.org.ar\/a\/wp-json\/wp\/v2\/posts\/43012\/revisions"}],"predecessor-version":[{"id":43484,"href":"https:\/\/www.obispado-mdp.org.ar\/a\/wp-json\/wp\/v2\/posts\/43012\/revisions\/43484"}],"wp:featuredmedia":[{"embeddable":true,"href":"https:\/\/www.obispado-mdp.org.ar\/a\/wp-json\/wp\/v2\/media\/31451"}],"wp:attachment":[{"href":"https:\/\/www.obispado-mdp.org.ar\/a\/wp-json\/wp\/v2\/media?parent=43012"}],"wp:term":[{"taxonomy":"category","embeddable":true,"href":"https:\/\/www.obispado-mdp.org.ar\/a\/wp-json\/wp\/v2\/categories?post=43012"},{"taxonomy":"post_tag","embeddable":true,"href":"https:\/\/www.obispado-mdp.org.ar\/a\/wp-json\/wp\/v2\/tags?post=43012"}],"curies":[{"name":"wp","href":"https:\/\/api.w.org\/{rel}","templated":true}]}}