{"id":43071,"date":"2024-02-21T20:39:00","date_gmt":"2024-02-21T23:39:00","guid":{"rendered":"https:\/\/www.obispado-mdp.org.ar\/a\/?p=43071"},"modified":"2024-03-01T12:39:08","modified_gmt":"2024-03-01T15:39:08","slug":"monsenor-con-la-jurec","status":"publish","type":"post","link":"https:\/\/www.obispado-mdp.org.ar\/a\/monsenor-con-la-jurec\/","title":{"rendered":"SE REALIZ\u00d3 EL ENCUENTRO CON CATEQUISTAS Y COORDINADORES DE PASTORAL DE ESCUELAS DE LA DI\u00d3CESIS"},"content":{"rendered":"\n<p class=\"has-white-color has-pale-cyan-blue-background-color has-text-color has-background has-medium-font-size\">Monse\u00f1or Giobando presidi\u00f3 la Misa en el encuentro anual de verano en Villa Marista<\/p>\n\n\n\n<figure class=\"wp-container-2 wp-block-gallery-1 wp-block-gallery has-nested-images columns-default is-cropped\">\n<figure class=\"wp-block-image size-large\"><img loading=\"lazy\" width=\"1024\" height=\"576\" data-id=\"43072\"  src=\"https:\/\/www.obispado-mdp.org.ar\/a\/wp-content\/uploads\/2024\/02\/capacitacion-catequesis-pastoral-febrero-2024-transformed-4-1024x576.jpeg\" alt=\"\" class=\"wp-image-43072\"\/><\/figure>\n<\/figure>\n\n\n\n<figure class=\"wp-container-4 wp-block-gallery-3 wp-block-gallery has-nested-images columns-default is-cropped\">\n<figure class=\"wp-block-image size-large is-resized\"><img loading=\"lazy\" data-id=\"43075\"  src=\"https:\/\/www.obispado-mdp.org.ar\/a\/wp-content\/uploads\/2024\/02\/Imagen_de_WhatsApp_2024-02-20_a_las_23.06.11_233d7dc7-transformed-2-768x1024.jpeg\" alt=\"\" class=\"wp-image-43075\" width=\"647\" height=\"862\"\/><\/figure>\n<\/figure>\n\n\n\n<p class=\"has-text-align-left\">El administrador apost\u00f3lico de nuestra di\u00f3cesis, monse\u00f1or Ernesto Giobando, presidi\u00f3 la Misa en el encuentro anual de verano de \ud835\udc1c\ud835\udc1a\ud835\udc2d\ud835\udc1e\ud835\udc2a\ud835\udc2e\ud835\udc22\ud835\udc2c\ud835\udc2d\ud835\udc1a\ud835\udc2c, \ud835\udc1c\ud835\udc28\ud835\udc28\ud835\udc2b\ud835\udc1d\ud835\udc22\ud835\udc27\ud835\udc1a\ud835\udc1d\ud835\udc28\ud835\udc2b\ud835\udc1e\ud835\udc2c \ud835\udc29\ud835\udc1a\ud835\udc2c\ud835\udc2d\ud835\udc28\ud835\udc2b\ud835\udc1a\ud835\udc25\ud835\udc1e\ud835\udc2c \ud835\udc32 \ud835\udc1e\ud835\udc2a\ud835\udc2e\ud835\udc22\ud835\udc29\ud835\udc28\ud835\udc2c \ud835\udc1d\ud835\udc22\ud835\udc2b\ud835\udc1e\ud835\udc1c\ud835\udc2d\ud835\udc22\ud835\udc2f\ud835\udc28\ud835\udc2c de los colegios episcopales y congregacionales de la Di\u00f3cesis de Mar del Plata, realizada en el Complejo Villa Marista.<\/p>\n\n\n\n<p class=\"has-text-align-left\">La jornada cont\u00f3 con el acompa\u00f1amiento de los capellanes de todas las instituciones educativas y con la presencia del delegado episcopal de Educaci\u00f3n, presb\u00edtero Juan Cruz Mennilli, y del presidente de la Junta Regional de Educaci\u00f3n Cat\u00f3lica, Javier S\u00e1nchez.<\/p>\n\n\n\n<p class=\"has-text-align-left\">El encuentro fue organizado por el \u00e1rea de Pastoral de JuREC Mar del Plata, a cargo de Gabriela Tumini y el asesoramiento del padre Gonzalo Domench. Adem\u00e1s, los seminaristas Leonardo Ponce y Agust\u00edn Corral, guiaron el momento de oraci\u00f3n y reflexi\u00f3n durante la ma\u00f1ana, con una propuesta de trabajo personal y grupal, pensando la identidad del catequista en la actualidad.<\/p>\n\n\n\n<p class=\"has-text-align-left\">M\u00e1s tarde, se realiz\u00f3 una peque\u00f1a procesi\u00f3n hasta el monasterio de las Hermanas Carmelitas, donde tuvo lugar la Misa, en la que el Administrador Apost\u00f3lico se dirigi\u00f3 por primera vez a los catequistas de las escuelas de la di\u00f3cesis.<\/p>\n\n\n\n<p class=\"has-text-align-left\">Por la tarde se recibi\u00f3 la presentaci\u00f3n de representantes del Proyecto Esperanza, quienes invitaron a las escuelas a ser promotoras del cuidado de la vida. Asimismo, miembros de la Pastoral Vocacional Diocesana, compartieron los detalles del \u201cPlan de Vuelo\u201d, propuesta destinada a los alumnos del 5to. a\u00f1o del nivel secundario.<\/p>\n\n\n\n<p class=\"has-text-align-left\">Finalmente, los docentes trabajaron una vez m\u00e1s en la elaboraci\u00f3n de la propuesta diocesana para el nuevo dise\u00f1o curricular de catequesis -que ya se encuentra en su etapa final-, a la vez que los sacerdotes presentes trabajaron en torno a la identidad y misi\u00f3n del p\u00e1rroco y el capell\u00e1n en la escuela, y a su vez realizaron un discernimiento comunitario para proponer un lema para el presente ciclo lectivo, que ser\u00e1 informado por la JuREC en los&nbsp;pr\u00f3ximos&nbsp;d\u00edas.<\/p>\n\n\n\n<p><\/p>\n\n\n\n<p><\/p>\n\n\n\n<figure class=\"wp-block-image size-large\"><img loading=\"lazy\" width=\"768\" height=\"1024\" src=\"https:\/\/www.obispado-mdp.org.ar\/a\/wp-content\/uploads\/2024\/02\/Imagen-de-WhatsApp-2024-02-20-a-las-23.06.00_98e11ff3-1-768x1024.jpg\" alt=\"\" class=\"wp-image-43078\"\/><figcaption>Gentileza: Foto de JUREC<\/figcaption><\/figure>\n","protected":false},"excerpt":{"rendered":"<p>Monse\u00f1or Giobando presidi\u00f3 la Misa en el encuentro anual de verano en Villa Marista El administrador apost\u00f3lico de nuestra di\u00f3cesis, monse\u00f1or Ernesto Giobando, presidi\u00f3 la Misa en el encuentro anual de verano de \ud835\udc1c\ud835\udc1a\ud835\udc2d\ud835\udc1e\ud835\udc2a\ud835\udc2e\ud835\udc22\ud835\udc2c\ud835\udc2d\ud835\udc1a\ud835\udc2c, \ud835\udc1c\ud835\udc28\ud835\udc28\ud835\udc2b\ud835\udc1d\ud835\udc22\ud835\udc27\ud835\udc1a\ud835\udc1d\ud835\udc28\ud835\udc2b\ud835\udc1e\ud835\udc2c \ud835\udc29\ud835\udc1a\ud835\udc2c\ud835\udc2d\ud835\udc28\ud835\udc2b\ud835\udc1a\ud835\udc25\ud835\udc1e\ud835\udc2c \ud835\udc32 \ud835\udc1e\ud835\udc2a\ud835\udc2e\ud835\udc22\ud835\udc29\ud835\udc28\ud835\udc2c \ud835\udc1d\ud835\udc22\ud835\udc2b\ud835\udc1e\ud835\udc1c\ud835\udc2d\ud835\udc22\ud835\udc2f\ud835\udc28\ud835\udc2c de los colegios episcopales y congregacionales de la Di\u00f3cesis de Mar del Plata, realizada en el [&hellip;]<\/p>\n","protected":false},"author":4,"featured_media":0,"comment_status":"open","ping_status":"open","sticky":false,"template":"","format":"standard","meta":{"_et_pb_use_builder":"","_et_pb_old_content":"","_et_gb_content_width":""},"categories":[4],"tags":[],"aioseo_notices":[],"_links":{"self":[{"href":"https:\/\/www.obispado-mdp.org.ar\/a\/wp-json\/wp\/v2\/posts\/43071"}],"collection":[{"href":"https:\/\/www.obispado-mdp.org.ar\/a\/wp-json\/wp\/v2\/posts"}],"about":[{"href":"https:\/\/www.obispado-mdp.org.ar\/a\/wp-json\/wp\/v2\/types\/post"}],"author":[{"embeddable":true,"href":"https:\/\/www.obispado-mdp.org.ar\/a\/wp-json\/wp\/v2\/users\/4"}],"replies":[{"embeddable":true,"href":"https:\/\/www.obispado-mdp.org.ar\/a\/wp-json\/wp\/v2\/comments?post=43071"}],"version-history":[{"count":4,"href":"https:\/\/www.obispado-mdp.org.ar\/a\/wp-json\/wp\/v2\/posts\/43071\/revisions"}],"predecessor-version":[{"id":43201,"href":"https:\/\/www.obispado-mdp.org.ar\/a\/wp-json\/wp\/v2\/posts\/43071\/revisions\/43201"}],"wp:attachment":[{"href":"https:\/\/www.obispado-mdp.org.ar\/a\/wp-json\/wp\/v2\/media?parent=43071"}],"wp:term":[{"taxonomy":"category","embeddable":true,"href":"https:\/\/www.obispado-mdp.org.ar\/a\/wp-json\/wp\/v2\/categories?post=43071"},{"taxonomy":"post_tag","embeddable":true,"href":"https:\/\/www.obispado-mdp.org.ar\/a\/wp-json\/wp\/v2\/tags?post=43071"}],"curies":[{"name":"wp","href":"https:\/\/api.w.org\/{rel}","templated":true}]}}