{"id":43080,"date":"2024-02-10T22:01:00","date_gmt":"2024-02-11T01:01:00","guid":{"rendered":"https:\/\/www.obispado-mdp.org.ar\/a\/?p=43080"},"modified":"2024-02-23T21:14:09","modified_gmt":"2024-02-24T00:14:09","slug":"mons-giobando-presidio-la-misa-en-accion-de-gracias-por-el-150-aniversario-de-la-fundacion-de-mar-del-plata","status":"publish","type":"post","link":"https:\/\/www.obispado-mdp.org.ar\/a\/mons-giobando-presidio-la-misa-en-accion-de-gracias-por-el-150-aniversario-de-la-fundacion-de-mar-del-plata\/","title":{"rendered":"MONS.GIOBANDO PRESIDI\u00d3 LA MISA EN ACCI\u00d3N DE GRACIAS POR EL 150  ANIVERSARIO DE LA FUNDACI\u00d3N DE MAR DEL PLATA"},"content":{"rendered":"\n<p class=\"has-white-color has-vivid-cyan-blue-background-color has-text-color has-background\" style=\"font-size:16px\"><strong>MISA POR EL 150 ANIVERSARIO DE LA FUNDACI\u00d3N DE MAR DEL PLATA EN LA IGLESIA CATEDRAL<\/strong><\/p>\n\n\n\n<p>En el marco de las celebraciones oficiales por el 150\u00b0 aniversario de la fundaci\u00f3n de la ciudad de Mar del Plata, el administrador apost\u00f3lico de nuestra di\u00f3cesis, monse\u00f1or Ernesto Giobando, presidi\u00f3 el s\u00e1bado 10 de febrero una Misa de acci\u00f3n de gracias en la Iglesia Catedral. La Eucarist\u00eda fue concelebrada por monse\u00f1or Carlos Malfa y los presb\u00edteros Ariel Sueiro, Juan Cruz Mennilli, Juan Pablo Arrachea, Oscar Maipah y Ra\u00fal Escud\u00e9, en una catedral colmada de fieles.<\/p>\n\n\n\n<p>Entre los asistentes a la ceremonia se encontraban el intendente municipal, Guillermo Montenegro, el gobernador de Entre R\u00edos, Rogelio Frigerio, el senador nacional Maximiliano Abad, los diputados nacionales Diego Santilli, Emilio Monz\u00f3, Hern\u00e1n Lombardi y Juliana Santill\u00e1n, los legisladores provinciales Ariel Mart\u00ednez Bordaisco, Diego Garciarena, Sof\u00eda Pomponio, Gustavo Pulti y Alejandro Carrancio, legisladores municipales, autoridades de las Fuerzas Armadas y de Seguridad, y el exsenador Esteban Bullrich, adem\u00e1s de distintos intendentes.<\/p>\n\n\n\n<p>En su homil\u00eda, el Administrador Apost\u00f3lico se refiri\u00f3 a la invitaci\u00f3n de Jes\u00fas \u201cnavega mar adentro y echa las redes\u201d. \u201c\u00bfQu\u00e9 significa navegar mar adentro? Si le preguntamos a nuestros pescadores van a dar una respuesta inmediata: \u2018es animarse a salir de la orilla; es ir a lo profundo\u2019\u201d, detall\u00f3, se\u00f1alando que \u201cla \u00fanica seguridad la dan el barco y sus tripulantes, cada uno en su lugar.\u201d<\/p>\n\n\n\n<p>\u201cEn un barco cada uno tiene su tarea. Es una tarea en com\u00fan, una tarea solidaria\u201d, indic\u00f3, y anim\u00f3 a los presentes a pensar c\u00f3mo fue construida la ciudad balnearia: \u201cNo fue con el esfuerzo de uno, sino de miles\u201d.<\/p>\n\n\n\n<p>En otro pasaje de su pr\u00e9dica, Mons. Giobando afirm\u00f3 que \u201cesta ciudad trabaja para que millones descansen. Y la ciudad trabaja para que aquellos que vienen a descansar se vayan un poco m\u00e1s felices en sus vidas. Por eso se llama \u2018la ciudad feliz\u2019. Una ciudad feliz que implica mucho esfuerzo e implica desaf\u00edos porque la felicidad no es algo que se alcanza en tres d\u00edas: la felicidad implica mucho trabajo\u201d.<\/p>\n\n\n\n<p>\u201cMar del Plata desde sus inicios fue fundada tambi\u00e9n en la confianza en Dios y en los santos\u201d, relat\u00f3, y haciendo alusi\u00f3n a los or\u00edgenes de la ciudad a\u00f1adi\u00f3: \u201cComo sabemos, fue fundada en base a una misi\u00f3n jesuita -la misi\u00f3n en la Laguna de los Padres, Nuestra Se\u00f1ora del Pilar de los Puelches-. Esos jesuitas que vinieron a misionar a estas tierras y de ac\u00e1 salieron para el sur. Esos jesuitas que dejaron sus tierras para poder traer el Evangelio a estas tierras\u201d.<\/p>\n\n\n\n<p>En esa l\u00ednea, record\u00f3 que la celebraci\u00f3n \u201cest\u00e1 enmarcada dentro de la beatificaci\u00f3n del cardenal Eduardo Pironio, que estuvo en Mar del Plata como obispo y estuvo en los 100 a\u00f1os de la ciudad, dej\u00e1ndonos unas reflexiones bell\u00edsimas que les invito a leer. Y tambi\u00e9n tiene el contexto esta celebraci\u00f3n de la canonizaci\u00f3n de Mama Antula\u201d.<\/p>\n\n\n\n<p>Asimismo, lament\u00f3 que \u201cMar del Plata tiene tambi\u00e9n un \u00edndice muy alto de pobreza, de desempleo, de falta de vivienda. Esto no tiene que ser como una tarea para los que vendr\u00e1n. Esto tiene que ser una tarea nuestra. As\u00ed como los fundadores pensaron en algo grande -no pensaron un puertito chiquito para ir a pescar, pensaron una ciudad grande, pujante- nos toca ahora tratar de solucionar los problemas que nos duelen, tratar de hacer de la pol\u00edtica algo honesto y que a todos nos implique: no solo a los que tienen un cargo sino que todos formamos parte de la ciudad, de la polis.\u201d<\/p>\n\n\n\n<p>Por \u00faltimo, monse\u00f1or Giobando invit\u00f3 a pedir \u201cpor nuestra patria, para que salgamos adelante.\u201d \u201cVamos a salir adelante solo con di\u00e1logo y grandeza de coraz\u00f3n. No nos quedemos en el \u2018chiquitaje\u2019 de las cosas que a veces nos ahogan. Pensemos en grande y hagamos de esta ciudad lo que quisieron sus fundadores: una ciudad tan grande como estas playas y tan cercana a aquellos que buscan mejorar sus vidas\u201d, finaliz\u00f3.<\/p>\n\n\n\n<figure class=\"wp-block-image size-large\"><img loading=\"lazy\" width=\"1024\" height=\"768\" src=\"https:\/\/www.obispado-mdp.org.ar\/a\/wp-content\/uploads\/2024\/02\/150-mdp-1024x768.jpg\" alt=\"\" class=\"wp-image-43082\"\/><\/figure>\n\n\n\n<figure class=\"wp-block-image size-large is-resized\"><img loading=\"lazy\" src=\"https:\/\/www.obispado-mdp.org.ar\/a\/wp-content\/uploads\/2024\/02\/150-mdp2-1-1024x768.jpg\" alt=\"\" class=\"wp-image-43083\" width=\"821\" height=\"615\"\/><\/figure>\n\n\n\n<p class=\"has-black-color has-pale-cyan-blue-background-color has-text-color has-background\"><strong>HOMILIA COMPLETA:<\/strong> <a href=\"https:\/\/bit.ly\/48rUvjG\">https:\/\/bit.ly\/48rUvjG<\/a><\/p>\n","protected":false},"excerpt":{"rendered":"<p>MISA POR EL 150 ANIVERSARIO DE LA FUNDACI\u00d3N DE MAR DEL PLATA EN LA IGLESIA CATEDRAL En el marco de las celebraciones oficiales por el 150\u00b0 aniversario de la fundaci\u00f3n de la ciudad de Mar del Plata, el administrador apost\u00f3lico de nuestra di\u00f3cesis, monse\u00f1or Ernesto Giobando, presidi\u00f3 el s\u00e1bado 10 de febrero una Misa de [&hellip;]<\/p>\n","protected":false},"author":4,"featured_media":0,"comment_status":"open","ping_status":"open","sticky":false,"template":"","format":"standard","meta":{"_et_pb_use_builder":"","_et_pb_old_content":"","_et_gb_content_width":""},"categories":[4],"tags":[],"aioseo_notices":[],"_links":{"self":[{"href":"https:\/\/www.obispado-mdp.org.ar\/a\/wp-json\/wp\/v2\/posts\/43080"}],"collection":[{"href":"https:\/\/www.obispado-mdp.org.ar\/a\/wp-json\/wp\/v2\/posts"}],"about":[{"href":"https:\/\/www.obispado-mdp.org.ar\/a\/wp-json\/wp\/v2\/types\/post"}],"author":[{"embeddable":true,"href":"https:\/\/www.obispado-mdp.org.ar\/a\/wp-json\/wp\/v2\/users\/4"}],"replies":[{"embeddable":true,"href":"https:\/\/www.obispado-mdp.org.ar\/a\/wp-json\/wp\/v2\/comments?post=43080"}],"version-history":[{"count":6,"href":"https:\/\/www.obispado-mdp.org.ar\/a\/wp-json\/wp\/v2\/posts\/43080\/revisions"}],"predecessor-version":[{"id":43089,"href":"https:\/\/www.obispado-mdp.org.ar\/a\/wp-json\/wp\/v2\/posts\/43080\/revisions\/43089"}],"wp:attachment":[{"href":"https:\/\/www.obispado-mdp.org.ar\/a\/wp-json\/wp\/v2\/media?parent=43080"}],"wp:term":[{"taxonomy":"category","embeddable":true,"href":"https:\/\/www.obispado-mdp.org.ar\/a\/wp-json\/wp\/v2\/categories?post=43080"},{"taxonomy":"post_tag","embeddable":true,"href":"https:\/\/www.obispado-mdp.org.ar\/a\/wp-json\/wp\/v2\/tags?post=43080"}],"curies":[{"name":"wp","href":"https:\/\/api.w.org\/{rel}","templated":true}]}}