{"id":43090,"date":"2024-02-11T10:24:00","date_gmt":"2024-02-11T13:24:00","guid":{"rendered":"https:\/\/www.obispado-mdp.org.ar\/a\/?p=43090"},"modified":"2024-02-23T21:12:32","modified_gmt":"2024-02-24T00:12:32","slug":"en-un-clima-de-fiesta-y-devocion-mar-del-plata-celebro-su-tradicional-fiesta-en-honor-a-nuestra-senora-de-lourdes","status":"publish","type":"post","link":"https:\/\/www.obispado-mdp.org.ar\/a\/en-un-clima-de-fiesta-y-devocion-mar-del-plata-celebro-su-tradicional-fiesta-en-honor-a-nuestra-senora-de-lourdes\/","title":{"rendered":"EN UN CLIMA DE FIESTA Y DEVOCI\u00d3N, MAR DEL PLATA CELEBR\u00d3 SU TRADICIONAL FIESTA EN HONOR A NUESTRA SE\u00d1ORA DE LOURDES"},"content":{"rendered":"\n<p class=\"has-text-align-left has-white-color has-vivid-cyan-blue-background-color has-text-color has-background\"><strong>&nbsp;La comunidad local y turista se congreg\u00f3 en la Gruta de Lourdes, coraz\u00f3n espiritual del Puerto, para celebrar la popular fiesta en honor a Nuestra Se\u00f1ora de Lourdes<\/strong><\/p>\n\n\n\n<p><\/p>\n\n\n\n<p>El pasado 11 de febrero, la comunidad local y turista se congreg\u00f3 en la Gruta de Lourdes, coraz\u00f3n espiritual del Puerto, para celebrar la popular <strong>fiesta en honor a Nuestra Se\u00f1ora de Lourdes.<\/strong><\/p>\n\n\n\n<p>Por primera vez, esta tradicional celebraci\u00f3n estuvo presidida por monse\u00f1or Ernesto Giobando,<strong> Administrador Apost\u00f3lico de la Di\u00f3cesis de Mar del Plata<\/strong>. Acompa\u00f1aron la celebraci\u00f3n el Pbro. Miguel Cacciutto, p\u00e1rroco de la Sagrada Familia del Puerto y el Pbro. Luciano Alzueta -quien predic\u00f3 la novena de preparaci\u00f3n a la Fiesta- entre otros sacerdotes y seminaristas.<\/p>\n\n\n\n<p>Estuvieron presentes las <strong>Peque\u00f1as Hermanas de la Divina Providencia, <\/strong>quienes gestionan d\u00eda a d\u00eda la Gruta y la misi\u00f3n caritativa del Hogar de Enfermos. Participaron tambi\u00e9n representantes de las F<strong>uerzas Armadas y de Seguridad, adem\u00e1s de autoridades del Poder Ejecutivo Municipal y representantes de distintas colectividades y cofrad\u00edas ligadas a la comunidad portuaria.<\/strong><\/p>\n\n\n\n<p>Durante la celebraci\u00f3n, Mons. Giobando hizo foco en el testimonio de santidad que nos regala <strong>Santa Mar\u00eda Antonia de Paz y Figueroa, Mama Antula, canonizada en la Bas\u00edlica Vaticana <\/strong>ese mismo d\u00eda por el Papa Francisco. Con su testimonio, sensibiliz\u00f3 a los presentes en la importancia de atender las desigualdades y fundamentalmente, propiciar las obras de caridad y piedad que inspiran tanto la devoci\u00f3n a Lourdes como a Mama Antula.<\/p>\n\n\n\n<p><strong>Al finalizar la Santa Misa, la multitud inici\u00f3 la tradicional procesi\u00f3n por las calles del puerto, realizando un homenaje a los hermanos que perdieron la vida en el mar y consagrando los frutos portuarios al amparo de la Inmaculada Concepci\u00f3n.<\/strong><\/p>\n\n\n\n<p>Finalmente, de regreso en la Gruta, el Administrador Apost\u00f3lico bendijo a los presentes con el Sant\u00edsimo Sacramento e inst\u00f3 a la comunidad a confiar a las providentes manos de Dios, la dif\u00edcil situaci\u00f3n que vive nuestra Patria.<\/p>\n\n\n\n<figure class=\"wp-block-image size-large\"><img loading=\"lazy\" width=\"1024\" height=\"682\" src=\"https:\/\/www.obispado-mdp.org.ar\/a\/wp-content\/uploads\/2024\/02\/WhatsApp-Image-2024-02-22-at-19.18.43-1024x682.jpeg\" alt=\"\" class=\"wp-image-43091\"\/><\/figure>\n\n\n\n<figure class=\"wp-block-image size-large\"><img loading=\"lazy\" width=\"1024\" height=\"682\" src=\"https:\/\/www.obispado-mdp.org.ar\/a\/wp-content\/uploads\/2024\/02\/WhatsApp-Image-2024-02-22-at-19.18.42-1024x682.jpeg\" alt=\"\" class=\"wp-image-43092\"\/><\/figure>\n\n\n\n<figure class=\"wp-block-image size-large\"><img loading=\"lazy\" width=\"768\" height=\"1024\" src=\"https:\/\/www.obispado-mdp.org.ar\/a\/wp-content\/uploads\/2024\/02\/giob-768x1024.jpg\" alt=\"\" class=\"wp-image-43093\"\/><\/figure>\n\n\n\n<figure class=\"wp-block-image size-large\"><img loading=\"lazy\" width=\"1024\" height=\"768\" src=\"https:\/\/www.obispado-mdp.org.ar\/a\/wp-content\/uploads\/2024\/02\/giob-va-1024x768.jpg\" alt=\"\" class=\"wp-image-43094\"\/><\/figure>\n","protected":false},"excerpt":{"rendered":"<p>&nbsp;La comunidad local y turista se congreg\u00f3 en la Gruta de Lourdes, coraz\u00f3n espiritual del Puerto, para celebrar la popular fiesta en honor a Nuestra Se\u00f1ora de Lourdes El pasado 11 de febrero, la comunidad local y turista se congreg\u00f3 en la Gruta de Lourdes, coraz\u00f3n espiritual del Puerto, para celebrar la popular fiesta en [&hellip;]<\/p>\n","protected":false},"author":4,"featured_media":0,"comment_status":"open","ping_status":"open","sticky":false,"template":"","format":"standard","meta":{"_et_pb_use_builder":"","_et_pb_old_content":"","_et_gb_content_width":""},"categories":[4],"tags":[],"aioseo_notices":[],"_links":{"self":[{"href":"https:\/\/www.obispado-mdp.org.ar\/a\/wp-json\/wp\/v2\/posts\/43090"}],"collection":[{"href":"https:\/\/www.obispado-mdp.org.ar\/a\/wp-json\/wp\/v2\/posts"}],"about":[{"href":"https:\/\/www.obispado-mdp.org.ar\/a\/wp-json\/wp\/v2\/types\/post"}],"author":[{"embeddable":true,"href":"https:\/\/www.obispado-mdp.org.ar\/a\/wp-json\/wp\/v2\/users\/4"}],"replies":[{"embeddable":true,"href":"https:\/\/www.obispado-mdp.org.ar\/a\/wp-json\/wp\/v2\/comments?post=43090"}],"version-history":[{"count":2,"href":"https:\/\/www.obispado-mdp.org.ar\/a\/wp-json\/wp\/v2\/posts\/43090\/revisions"}],"predecessor-version":[{"id":43111,"href":"https:\/\/www.obispado-mdp.org.ar\/a\/wp-json\/wp\/v2\/posts\/43090\/revisions\/43111"}],"wp:attachment":[{"href":"https:\/\/www.obispado-mdp.org.ar\/a\/wp-json\/wp\/v2\/media?parent=43090"}],"wp:term":[{"taxonomy":"category","embeddable":true,"href":"https:\/\/www.obispado-mdp.org.ar\/a\/wp-json\/wp\/v2\/categories?post=43090"},{"taxonomy":"post_tag","embeddable":true,"href":"https:\/\/www.obispado-mdp.org.ar\/a\/wp-json\/wp\/v2\/tags?post=43090"}],"curies":[{"name":"wp","href":"https:\/\/api.w.org\/{rel}","templated":true}]}}