{"id":43103,"date":"2024-02-11T20:52:00","date_gmt":"2024-02-11T23:52:00","guid":{"rendered":"https:\/\/www.obispado-mdp.org.ar\/a\/?p=43103"},"modified":"2024-02-23T21:07:30","modified_gmt":"2024-02-24T00:07:30","slug":"veronica-rubi-recibio-el-envio-misionero-y-ya-se-encuentra-en-su-nuevo-destino-de-mision-en-el-amazonas","status":"publish","type":"post","link":"https:\/\/www.obispado-mdp.org.ar\/a\/veronica-rubi-recibio-el-envio-misionero-y-ya-se-encuentra-en-su-nuevo-destino-de-mision-en-el-amazonas\/","title":{"rendered":"<strong>VER\u00d3NICA RUB\u00cd RECIBI\u00d3 \u201cEL ENV\u00cdO MISIONERO\u201d Y YA SE ENCUENTRA EN SU NUEVO DESTINO DE MISI\u00d3N EN EL AMAZONAS<\/strong>"},"content":{"rendered":"\n<p class=\"has-white-color has-pale-cyan-blue-background-color has-text-color has-background\"><strong>Ver\u00f3nica Rub\u00ed \u2013misionera laica de nuestra di\u00f3cesis- recibi\u00f3 la bendici\u00f3n para emprender una nueva etapa en la misi\u00f3n que viene desarrollando desde hace nueve a\u00f1os en el Amazonas<\/strong><\/p>\n\n\n\n<p>El administrador apost\u00f3lico, monse\u00f1or Ernesto Giobando, realiz\u00f3 el domingo 11 de febrero una misa de \u00abenv\u00edo misionero\u00bb en la catedral de los Santos Pedro y Cecilia. En la misma, Ver\u00f3nica Rub\u00ed \u2013misionera laica de nuestra di\u00f3cesis- recibi\u00f3 la bendici\u00f3n para emprender una nueva etapa en la misi\u00f3n que viene desarrollando desde hace nueve a\u00f1os en el Amazonas primero junto a la comunidad Marista y, en el \u00faltimo per\u00edodo, como misionera de la di\u00f3cesis de Mar del Plata, en la di\u00f3cesis de Alto Solimoes (Brasil).<\/p>\n\n\n\n<p>&nbsp;A partir de ahora Ver\u00f3nica misionar\u00e1 en el Vicariato San Jos\u00e9 del Amazonas (Per\u00fa), muy pr\u00f3ximo a su anterior destino, donde ya reside en una parroquia en la que se encuentra otro marplatense, el presb\u00edtero Mat\u00edas Vi\u00f1as, sacerdote de la arquidi\u00f3cesis de Buenos Aires. \u201cAll\u00ed, la selva y los r\u00edos son protagonistas, con comunidades ind\u00edgenas rurales y distancias que se recorren principalmente por v\u00eda fluvial\u201d, describi\u00f3 en una entrevista al programa \u201cUn canto a la vida\u201d.<\/p>\n\n\n\n<p>Adem\u00e1s, se refiri\u00f3 a la reciente canonizaci\u00f3n de Mama Antula \u2013canonizada el mismo d\u00eda de la Misa de env\u00edo- y c\u00f3mo el testimonio de vida de esta laica misionera influy\u00f3 en ella: \u00abMe siento apoyada por todo lo que ella es. Mujer, laica, misionera, peregrina. Para m\u00ed, es una nueva etapa de misi\u00f3n\u201d, explic\u00f3 quien misiona desde la adolescencia.<\/p>\n\n\n\n<p>La misionera comparti\u00f3 su proceso de discernimiento, enfatizando la importancia de la oraci\u00f3n y el silencio. \u00abDios se manifiesta de muchas maneras, no hay una \u00fanica forma de llamado\u00bb, afirm\u00f3 Ver\u00f3nica. Adem\u00e1s, agradeci\u00f3 el apoyo de la comunidad y expres\u00f3 su gratitud por la oportunidad de servir en una nueva etapa de misi\u00f3n.<\/p>\n\n\n\n<figure class=\"wp-block-image\"><img alt=\"\"\/><\/figure>\n\n\n\n<figure class=\"wp-block-image size-large\"><img loading=\"lazy\" width=\"1024\" height=\"771\" src=\"https:\/\/www.obispado-mdp.org.ar\/a\/wp-content\/uploads\/2024\/02\/Imagen_de_WhatsApp_2024-02-23_a_las_18.08.08_e8cb0393-transformed-1-1024x771.jpeg\" alt=\"\" class=\"wp-image-43107\"\/><\/figure>\n\n\n\n<figure class=\"wp-block-image size-large\"><img loading=\"lazy\" width=\"1024\" height=\"771\" src=\"https:\/\/www.obispado-mdp.org.ar\/a\/wp-content\/uploads\/2024\/02\/Imagen_de_WhatsApp_2024-02-23_a_las_18.08.08_ee631273-transformed-1024x771.jpeg\" alt=\"\" class=\"wp-image-43109\"\/><\/figure>\n","protected":false},"excerpt":{"rendered":"<p>Ver\u00f3nica Rub\u00ed \u2013misionera laica de nuestra di\u00f3cesis- recibi\u00f3 la bendici\u00f3n para emprender una nueva etapa en la misi\u00f3n que viene desarrollando desde hace nueve a\u00f1os en el Amazonas El administrador apost\u00f3lico, monse\u00f1or Ernesto Giobando, realiz\u00f3 el domingo 11 de febrero una misa de \u00abenv\u00edo misionero\u00bb en la catedral de los Santos Pedro y Cecilia. En [&hellip;]<\/p>\n","protected":false},"author":4,"featured_media":0,"comment_status":"open","ping_status":"open","sticky":false,"template":"","format":"standard","meta":{"_et_pb_use_builder":"","_et_pb_old_content":"","_et_gb_content_width":""},"categories":[4],"tags":[],"aioseo_notices":[],"_links":{"self":[{"href":"https:\/\/www.obispado-mdp.org.ar\/a\/wp-json\/wp\/v2\/posts\/43103"}],"collection":[{"href":"https:\/\/www.obispado-mdp.org.ar\/a\/wp-json\/wp\/v2\/posts"}],"about":[{"href":"https:\/\/www.obispado-mdp.org.ar\/a\/wp-json\/wp\/v2\/types\/post"}],"author":[{"embeddable":true,"href":"https:\/\/www.obispado-mdp.org.ar\/a\/wp-json\/wp\/v2\/users\/4"}],"replies":[{"embeddable":true,"href":"https:\/\/www.obispado-mdp.org.ar\/a\/wp-json\/wp\/v2\/comments?post=43103"}],"version-history":[{"count":2,"href":"https:\/\/www.obispado-mdp.org.ar\/a\/wp-json\/wp\/v2\/posts\/43103\/revisions"}],"predecessor-version":[{"id":43110,"href":"https:\/\/www.obispado-mdp.org.ar\/a\/wp-json\/wp\/v2\/posts\/43103\/revisions\/43110"}],"wp:attachment":[{"href":"https:\/\/www.obispado-mdp.org.ar\/a\/wp-json\/wp\/v2\/media?parent=43103"}],"wp:term":[{"taxonomy":"category","embeddable":true,"href":"https:\/\/www.obispado-mdp.org.ar\/a\/wp-json\/wp\/v2\/categories?post=43103"},{"taxonomy":"post_tag","embeddable":true,"href":"https:\/\/www.obispado-mdp.org.ar\/a\/wp-json\/wp\/v2\/tags?post=43103"}],"curies":[{"name":"wp","href":"https:\/\/api.w.org\/{rel}","templated":true}]}}