{"id":43113,"date":"2024-02-27T19:05:08","date_gmt":"2024-02-27T22:05:08","guid":{"rendered":"https:\/\/www.obispado-mdp.org.ar\/a\/?p=43113"},"modified":"2024-03-01T12:39:34","modified_gmt":"2024-03-01T15:39:34","slug":"fecundo-encuentro-de-representantes-legales-de-escuelas-del-obispado-con-monsenor-giobando","status":"publish","type":"post","link":"https:\/\/www.obispado-mdp.org.ar\/a\/fecundo-encuentro-de-representantes-legales-de-escuelas-del-obispado-con-monsenor-giobando\/","title":{"rendered":"FECUNDO ENCUENTRO DE REPRESENTANTES LEGALES DE ESCUELAS DEL OBISPADO"},"content":{"rendered":"\n<p class=\"has-white-color has-pale-cyan-blue-background-color has-text-color has-background\"><strong>Reuni\u00f3n de Monse\u00f1or Giobando con los representantes legales de las m\u00e1s de veinte escuelas pertenecientes al Obispado de Mar del Plata para reflexionar sobre los desaf\u00edos actuales en la educaci\u00f3n<\/strong><\/p>\n\n\n\n<p><\/p>\n\n\n\n<p>Este martes 27 por la ma\u00f1ana se reunieron en la Casa de Retiros \u201cSanta Clara y San Francisco\u201d, ubicada en el Bosque Peralta Ramos (Mar del Plata), los representantes legales de las m\u00e1s de veinte escuelas pertenecientes al Obispado de Mar del Plata, junto a monse\u00f1or Ernesto Giobando y autoridades de la Junta Regional de Educaci\u00f3n Cat\u00f3lica (JuREC).<\/p>\n\n\n\n<p>Durante la jornada de reflexi\u00f3n y planificaci\u00f3n, se comparti\u00f3 acerca de los desaf\u00edos que presenta la realidad de hoy, iluminados por un mensaje del Beato Eduardo Pironio, que fue comentado por el padre Juan Cruz Mennilli, delegado episcopal para la Educaci\u00f3n Cat\u00f3lica de la Di\u00f3cesis.<\/p>\n\n\n\n<p>Luego de un intercambio en el que cada grupo aport\u00f3 lo reflexionado, se pas\u00f3 a un momento de trabajo en el que se busc\u00f3 adoptar criterios comunes ante distintas situaciones que hacen a la gesti\u00f3n diaria de las escuelas.<\/p>\n\n\n\n<p>Promediando la jornada, se hizo presente el Administrador Apost\u00f3lico, quien luego de escuchar atentamente las presentaciones que los representantes legales hicieron sobre s\u00ed mismos y sobre la realidad escolar que acompa\u00f1an en nombre del Obispado, hizo lo propio y se present\u00f3, destacando sus experiencias como representante legal de distintos colegios, y algunas vivencias durante su recorrido como obispo auxiliar en Buenos Aires, a cargo de la Vicar\u00eda de Educaci\u00f3n.<\/p>\n\n\n\n<p>Finalmente, monse\u00f1or Giobando presidi\u00f3 la Eucarist\u00eda, y luego todos los presentes compartieron un almuerzo fraterno.<\/p>\n\n\n\n<figure class=\"wp-block-image size-large\"><img loading=\"lazy\" width=\"1024\" height=\"461\" src=\"https:\/\/www.obispado-mdp.org.ar\/a\/wp-content\/uploads\/2024\/02\/otra_todos-transformed-1024x461.jpeg\" alt=\"\" class=\"wp-image-43114\"\/><\/figure>\n\n\n\n<figure class=\"wp-block-image size-large\"><img loading=\"lazy\" width=\"1024\" height=\"768\" src=\"https:\/\/www.obispado-mdp.org.ar\/a\/wp-content\/uploads\/2024\/02\/Imagen-de-WhatsApp-2024-02-27-a-las-17.01.31_d96e61e1-1024x768.jpg\" alt=\"\" class=\"wp-image-43115\"\/><\/figure>\n\n\n\n<figure class=\"wp-block-image size-large\"><img loading=\"lazy\" width=\"1024\" height=\"768\" src=\"https:\/\/www.obispado-mdp.org.ar\/a\/wp-content\/uploads\/2024\/02\/Imagen-de-WhatsApp-2024-02-27-a-las-17.01.33_fc582af2-1024x768.jpg\" alt=\"\" class=\"wp-image-43116\"\/><\/figure>\n","protected":false},"excerpt":{"rendered":"<p>Reuni\u00f3n de Monse\u00f1or Giobando con los representantes legales de las m\u00e1s de veinte escuelas pertenecientes al Obispado de Mar del Plata para reflexionar sobre los desaf\u00edos actuales en la educaci\u00f3n Este martes 27 por la ma\u00f1ana se reunieron en la Casa de Retiros \u201cSanta Clara y San Francisco\u201d, ubicada en el Bosque Peralta Ramos (Mar [&hellip;]<\/p>\n","protected":false},"author":4,"featured_media":0,"comment_status":"open","ping_status":"open","sticky":false,"template":"","format":"standard","meta":{"_et_pb_use_builder":"","_et_pb_old_content":"","_et_gb_content_width":""},"categories":[4],"tags":[],"aioseo_notices":[],"_links":{"self":[{"href":"https:\/\/www.obispado-mdp.org.ar\/a\/wp-json\/wp\/v2\/posts\/43113"}],"collection":[{"href":"https:\/\/www.obispado-mdp.org.ar\/a\/wp-json\/wp\/v2\/posts"}],"about":[{"href":"https:\/\/www.obispado-mdp.org.ar\/a\/wp-json\/wp\/v2\/types\/post"}],"author":[{"embeddable":true,"href":"https:\/\/www.obispado-mdp.org.ar\/a\/wp-json\/wp\/v2\/users\/4"}],"replies":[{"embeddable":true,"href":"https:\/\/www.obispado-mdp.org.ar\/a\/wp-json\/wp\/v2\/comments?post=43113"}],"version-history":[{"count":4,"href":"https:\/\/www.obispado-mdp.org.ar\/a\/wp-json\/wp\/v2\/posts\/43113\/revisions"}],"predecessor-version":[{"id":43202,"href":"https:\/\/www.obispado-mdp.org.ar\/a\/wp-json\/wp\/v2\/posts\/43113\/revisions\/43202"}],"wp:attachment":[{"href":"https:\/\/www.obispado-mdp.org.ar\/a\/wp-json\/wp\/v2\/media?parent=43113"}],"wp:term":[{"taxonomy":"category","embeddable":true,"href":"https:\/\/www.obispado-mdp.org.ar\/a\/wp-json\/wp\/v2\/categories?post=43113"},{"taxonomy":"post_tag","embeddable":true,"href":"https:\/\/www.obispado-mdp.org.ar\/a\/wp-json\/wp\/v2\/tags?post=43113"}],"curies":[{"name":"wp","href":"https:\/\/api.w.org\/{rel}","templated":true}]}}