{"id":43150,"date":"2024-05-08T18:30:00","date_gmt":"2024-05-08T21:30:00","guid":{"rendered":"https:\/\/www.obispado-mdp.org.ar\/a\/?p=43150"},"modified":"2024-04-03T16:59:24","modified_gmt":"2024-04-03T19:59:24","slug":"evangelio-segun-juan-1616-20","status":"publish","type":"post","link":"https:\/\/www.obispado-mdp.org.ar\/a\/evangelio-segun-juan-1616-20\/","title":{"rendered":"Evangelio seg\u00fan San Juan\u00a016,16-20."},"content":{"rendered":"\n<p>Jes\u00fas dijo a sus disc\u00edpulos:<br>\u00abDentro de poco, ya no me ver\u00e1n, y poco despu\u00e9s, me volver\u00e1n a ver\u00bb.<br>Entonces algunos de sus disc\u00edpulos comentaban entre s\u00ed: \u00ab\u00bfQu\u00e9 significa esto que nos dice: &#8216;Dentro de poco ya no me ver\u00e1n, y poco despu\u00e9s, me volver\u00e1n a ver&#8217;?. \u00bfY que significa: &#8216;Yo me voy al Padre&#8217;?\u00bb.<br>Dec\u00edan: \u00ab\u00bfQu\u00e9 es este poco de tiempo? No entendemos lo que quiere decir\u00bb.<br>Jes\u00fas se dio cuenta de que deseaban interrogarlo y les dijo: \u00abUstedes se preguntan entre s\u00ed qu\u00e9 significan mis palabras: &#8216;Dentro de poco, ya no me ver\u00e1n, y poco despu\u00e9s, me volver\u00e1n a ver&#8217;.<br>Les aseguro que ustedes van a llorar y se van a lamentar; el mundo, en cambio, se alegrar\u00e1. Ustedes estar\u00e1n tristes, pero esa tristeza se convertir\u00e1 en gozo.\u00bb<\/p>\n\n\n\n<p class=\"has-text-align-right\"><em>Extra\u00eddo de la Biblia: Libro del Pueblo de Dios. <\/em><\/p>\n","protected":false},"excerpt":{"rendered":"<p>Jes\u00fas dijo a sus disc\u00edpulos:\u00abDentro de poco, ya no me ver\u00e1n, y poco despu\u00e9s, me volver\u00e1n a ver\u00bb.Entonces algunos de sus disc\u00edpulos comentaban entre s\u00ed: \u00ab\u00bfQu\u00e9 significa esto que nos dice: &#8216;Dentro de poco ya no me ver\u00e1n, y poco despu\u00e9s, me volver\u00e1n a ver&#8217;?. \u00bfY que significa: &#8216;Yo me voy al Padre&#8217;?\u00bb.Dec\u00edan: \u00ab\u00bfQu\u00e9 es [&hellip;]<\/p>\n","protected":false},"author":3,"featured_media":31450,"comment_status":"open","ping_status":"closed","sticky":false,"template":"","format":"standard","meta":{"_et_pb_use_builder":"off","_et_pb_old_content":"<!-- wp:paragraph -->\n<p> Al atardecer de ese mismo d\u00eda, el primero de la semana, estando cerradas las puertas del lugar donde se encontraban los disc\u00edpulos, por temor a los jud\u00edos, lleg\u00f3 Jes\u00fas y poni\u00e9ndose en medio de ellos, les dijo: \"\u00a1La paz est\u00e9 con ustedes!\".<br>Mientras dec\u00eda esto, les mostr\u00f3 sus manos y su costado. Los disc\u00edpulos se llenaron de alegr\u00eda cuando vieron al Se\u00f1or.<br>Jes\u00fas les dijo de nuevo: \"\u00a1La paz est\u00e9 con ustedes! Como el Padre me envi\u00f3 a m\u00ed, yo tambi\u00e9n los env\u00edo a ustedes\".<br>Al decirles esto, sopl\u00f3 sobre ellos y a\u00f1adi\u00f3: \"Reciban el Esp\u00edritu Santo.<br>Los pecados ser\u00e1n perdonados a los que ustedes se los perdonen, y ser\u00e1n retenidos a los que ustedes se los retengan\". <\/p>\n<!-- \/wp:paragraph -->\n\n<!-- wp:paragraph {\"align\":\"right\"} -->\n<p class=\"has-text-align-right\"><em>Extra\u00eddo de la Biblia: Libro del Pueblo de Dios. <\/em><\/p>\n<!-- \/wp:paragraph -->","_et_gb_content_width":""},"categories":[6],"tags":[],"aioseo_notices":[],"_links":{"self":[{"href":"https:\/\/www.obispado-mdp.org.ar\/a\/wp-json\/wp\/v2\/posts\/43150"}],"collection":[{"href":"https:\/\/www.obispado-mdp.org.ar\/a\/wp-json\/wp\/v2\/posts"}],"about":[{"href":"https:\/\/www.obispado-mdp.org.ar\/a\/wp-json\/wp\/v2\/types\/post"}],"author":[{"embeddable":true,"href":"https:\/\/www.obispado-mdp.org.ar\/a\/wp-json\/wp\/v2\/users\/3"}],"replies":[{"embeddable":true,"href":"https:\/\/www.obispado-mdp.org.ar\/a\/wp-json\/wp\/v2\/comments?post=43150"}],"version-history":[{"count":2,"href":"https:\/\/www.obispado-mdp.org.ar\/a\/wp-json\/wp\/v2\/posts\/43150\/revisions"}],"predecessor-version":[{"id":43474,"href":"https:\/\/www.obispado-mdp.org.ar\/a\/wp-json\/wp\/v2\/posts\/43150\/revisions\/43474"}],"wp:featuredmedia":[{"embeddable":true,"href":"https:\/\/www.obispado-mdp.org.ar\/a\/wp-json\/wp\/v2\/media\/31450"}],"wp:attachment":[{"href":"https:\/\/www.obispado-mdp.org.ar\/a\/wp-json\/wp\/v2\/media?parent=43150"}],"wp:term":[{"taxonomy":"category","embeddable":true,"href":"https:\/\/www.obispado-mdp.org.ar\/a\/wp-json\/wp\/v2\/categories?post=43150"},{"taxonomy":"post_tag","embeddable":true,"href":"https:\/\/www.obispado-mdp.org.ar\/a\/wp-json\/wp\/v2\/tags?post=43150"}],"curies":[{"name":"wp","href":"https:\/\/api.w.org\/{rel}","templated":true}]}}