{"id":43152,"date":"2024-05-09T18:30:00","date_gmt":"2024-05-09T21:30:00","guid":{"rendered":"https:\/\/www.obispado-mdp.org.ar\/a\/?p=43152"},"modified":"2024-04-03T16:59:05","modified_gmt":"2024-04-03T19:59:05","slug":"evangelio-segun-juan-1620-23a","status":"publish","type":"post","link":"https:\/\/www.obispado-mdp.org.ar\/a\/evangelio-segun-juan-1620-23a\/","title":{"rendered":"Evangelio seg\u00fan San Juan\u00a016,20-23a."},"content":{"rendered":"\n<p>En aquel tiempo, Jes\u00fas dijo a sus disc\u00edpulos:<br>\u00abLes aseguro que ustedes van a llorar y se van a lamentar; el mundo, en cambio, se alegrar\u00e1. Ustedes estar\u00e1n tristes, pero esa tristeza se convertir\u00e1 en gozo.\u00bb<br>La mujer, cuando va a dar a luz, siente angustia porque le lleg\u00f3 la hora; pero cuando nace el ni\u00f1o, se olvida de su dolor, por la alegr\u00eda que siente al ver que ha venido un hombre al mundo.<br>Tambi\u00e9n ustedes ahora est\u00e1n tristes, pero yo los volver\u00e9 a ver, y tendr\u00e1n una alegr\u00eda que nadie les podr\u00e1 quitar.<br>Aqu\u00e9l d\u00eda no me har\u00e1n m\u00e1s preguntas.\u00bb<\/p>\n\n\n\n<p class=\"has-text-align-right\"><em>Extra\u00eddo de la Biblia: Libro del Pueblo de Dios. <\/em><\/p>\n","protected":false},"excerpt":{"rendered":"<p>En aquel tiempo, Jes\u00fas dijo a sus disc\u00edpulos:\u00abLes aseguro que ustedes van a llorar y se van a lamentar; el mundo, en cambio, se alegrar\u00e1. Ustedes estar\u00e1n tristes, pero esa tristeza se convertir\u00e1 en gozo.\u00bbLa mujer, cuando va a dar a luz, siente angustia porque le lleg\u00f3 la hora; pero cuando nace el ni\u00f1o, se [&hellip;]<\/p>\n","protected":false},"author":3,"featured_media":31455,"comment_status":"open","ping_status":"closed","sticky":false,"template":"","format":"standard","meta":{"_et_pb_use_builder":"off","_et_pb_old_content":"<!-- wp:paragraph -->\n<p> Al atardecer de ese mismo d\u00eda, el primero de la semana, estando cerradas las puertas del lugar donde se encontraban los disc\u00edpulos, por temor a los jud\u00edos, lleg\u00f3 Jes\u00fas y poni\u00e9ndose en medio de ellos, les dijo: \"\u00a1La paz est\u00e9 con ustedes!\".<br>Mientras dec\u00eda esto, les mostr\u00f3 sus manos y su costado. Los disc\u00edpulos se llenaron de alegr\u00eda cuando vieron al Se\u00f1or.<br>Jes\u00fas les dijo de nuevo: \"\u00a1La paz est\u00e9 con ustedes! Como el Padre me envi\u00f3 a m\u00ed, yo tambi\u00e9n los env\u00edo a ustedes\".<br>Al decirles esto, sopl\u00f3 sobre ellos y a\u00f1adi\u00f3: \"Reciban el Esp\u00edritu Santo.<br>Los pecados ser\u00e1n perdonados a los que ustedes se los perdonen, y ser\u00e1n retenidos a los que ustedes se los retengan\". <\/p>\n<!-- \/wp:paragraph -->\n\n<!-- wp:paragraph {\"align\":\"right\"} -->\n<p class=\"has-text-align-right\"><em>Extra\u00eddo de la Biblia: Libro del Pueblo de Dios. <\/em><\/p>\n<!-- \/wp:paragraph -->","_et_gb_content_width":""},"categories":[6],"tags":[],"aioseo_notices":[],"_links":{"self":[{"href":"https:\/\/www.obispado-mdp.org.ar\/a\/wp-json\/wp\/v2\/posts\/43152"}],"collection":[{"href":"https:\/\/www.obispado-mdp.org.ar\/a\/wp-json\/wp\/v2\/posts"}],"about":[{"href":"https:\/\/www.obispado-mdp.org.ar\/a\/wp-json\/wp\/v2\/types\/post"}],"author":[{"embeddable":true,"href":"https:\/\/www.obispado-mdp.org.ar\/a\/wp-json\/wp\/v2\/users\/3"}],"replies":[{"embeddable":true,"href":"https:\/\/www.obispado-mdp.org.ar\/a\/wp-json\/wp\/v2\/comments?post=43152"}],"version-history":[{"count":2,"href":"https:\/\/www.obispado-mdp.org.ar\/a\/wp-json\/wp\/v2\/posts\/43152\/revisions"}],"predecessor-version":[{"id":43473,"href":"https:\/\/www.obispado-mdp.org.ar\/a\/wp-json\/wp\/v2\/posts\/43152\/revisions\/43473"}],"wp:featuredmedia":[{"embeddable":true,"href":"https:\/\/www.obispado-mdp.org.ar\/a\/wp-json\/wp\/v2\/media\/31455"}],"wp:attachment":[{"href":"https:\/\/www.obispado-mdp.org.ar\/a\/wp-json\/wp\/v2\/media?parent=43152"}],"wp:term":[{"taxonomy":"category","embeddable":true,"href":"https:\/\/www.obispado-mdp.org.ar\/a\/wp-json\/wp\/v2\/categories?post=43152"},{"taxonomy":"post_tag","embeddable":true,"href":"https:\/\/www.obispado-mdp.org.ar\/a\/wp-json\/wp\/v2\/tags?post=43152"}],"curies":[{"name":"wp","href":"https:\/\/api.w.org\/{rel}","templated":true}]}}