{"id":43154,"date":"2024-05-10T18:30:00","date_gmt":"2024-05-10T21:30:00","guid":{"rendered":"https:\/\/www.obispado-mdp.org.ar\/a\/?p=43154"},"modified":"2024-04-03T16:58:47","modified_gmt":"2024-04-03T19:58:47","slug":"evangelio-segun-juan-1623b-28","status":"publish","type":"post","link":"https:\/\/www.obispado-mdp.org.ar\/a\/evangelio-segun-juan-1623b-28\/","title":{"rendered":"Evangelio seg\u00fan San Juan\u00a016,23b-28."},"content":{"rendered":"\n<p>Aqu\u00e9l d\u00eda no me har\u00e1n m\u00e1s preguntas. Les aseguro que todo lo que pidan al Padre, \u00e9l se lo conceder\u00e1 en mi Nombre.<br>Hasta ahora, no han pedido nada en mi Nombre. Pidan y recibir\u00e1n, y tendr\u00e1n una alegr\u00eda que ser\u00e1 perfecta.<br>Les he dicho todo esto por medio de par\u00e1bolas. Llega la hora en que ya no les hablar\u00e9 por medio de par\u00e1bolas, sino que les hablar\u00e9 claramente del Padre.<br>Aquel d\u00eda ustedes pedir\u00e1n en mi Nombre; y no ser\u00e1 necesario que yo ruegue al Padre por ustedes,<br>ya que \u00e9l mismo los ama, porque ustedes me aman y han cre\u00eddo que yo vengo de Dios.<br>Sal\u00ed del Padre y vine al mundo. Ahora dejo el mundo y voy al Padre\u00bb.<\/p>\n\n\n\n<p class=\"has-text-align-right\"><em>Extra\u00eddo de la Biblia: Libro del Pueblo de Dios. <\/em><\/p>\n","protected":false},"excerpt":{"rendered":"<p>Aqu\u00e9l d\u00eda no me har\u00e1n m\u00e1s preguntas. Les aseguro que todo lo que pidan al Padre, \u00e9l se lo conceder\u00e1 en mi Nombre.Hasta ahora, no han pedido nada en mi Nombre. Pidan y recibir\u00e1n, y tendr\u00e1n una alegr\u00eda que ser\u00e1 perfecta.Les he dicho todo esto por medio de par\u00e1bolas. Llega la hora en que ya [&hellip;]<\/p>\n","protected":false},"author":3,"featured_media":31440,"comment_status":"open","ping_status":"closed","sticky":false,"template":"","format":"standard","meta":{"_et_pb_use_builder":"off","_et_pb_old_content":"<!-- wp:paragraph -->\n<p> Al atardecer de ese mismo d\u00eda, el primero de la semana, estando cerradas las puertas del lugar donde se encontraban los disc\u00edpulos, por temor a los jud\u00edos, lleg\u00f3 Jes\u00fas y poni\u00e9ndose en medio de ellos, les dijo: \"\u00a1La paz est\u00e9 con ustedes!\".<br>Mientras dec\u00eda esto, les mostr\u00f3 sus manos y su costado. Los disc\u00edpulos se llenaron de alegr\u00eda cuando vieron al Se\u00f1or.<br>Jes\u00fas les dijo de nuevo: \"\u00a1La paz est\u00e9 con ustedes! Como el Padre me envi\u00f3 a m\u00ed, yo tambi\u00e9n los env\u00edo a ustedes\".<br>Al decirles esto, sopl\u00f3 sobre ellos y a\u00f1adi\u00f3: \"Reciban el Esp\u00edritu Santo.<br>Los pecados ser\u00e1n perdonados a los que ustedes se los perdonen, y ser\u00e1n retenidos a los que ustedes se los retengan\". <\/p>\n<!-- \/wp:paragraph -->\n\n<!-- wp:paragraph {\"align\":\"right\"} -->\n<p class=\"has-text-align-right\"><em>Extra\u00eddo de la Biblia: Libro del Pueblo de Dios. <\/em><\/p>\n<!-- \/wp:paragraph -->","_et_gb_content_width":""},"categories":[6],"tags":[],"aioseo_notices":[],"_links":{"self":[{"href":"https:\/\/www.obispado-mdp.org.ar\/a\/wp-json\/wp\/v2\/posts\/43154"}],"collection":[{"href":"https:\/\/www.obispado-mdp.org.ar\/a\/wp-json\/wp\/v2\/posts"}],"about":[{"href":"https:\/\/www.obispado-mdp.org.ar\/a\/wp-json\/wp\/v2\/types\/post"}],"author":[{"embeddable":true,"href":"https:\/\/www.obispado-mdp.org.ar\/a\/wp-json\/wp\/v2\/users\/3"}],"replies":[{"embeddable":true,"href":"https:\/\/www.obispado-mdp.org.ar\/a\/wp-json\/wp\/v2\/comments?post=43154"}],"version-history":[{"count":2,"href":"https:\/\/www.obispado-mdp.org.ar\/a\/wp-json\/wp\/v2\/posts\/43154\/revisions"}],"predecessor-version":[{"id":43472,"href":"https:\/\/www.obispado-mdp.org.ar\/a\/wp-json\/wp\/v2\/posts\/43154\/revisions\/43472"}],"wp:featuredmedia":[{"embeddable":true,"href":"https:\/\/www.obispado-mdp.org.ar\/a\/wp-json\/wp\/v2\/media\/31440"}],"wp:attachment":[{"href":"https:\/\/www.obispado-mdp.org.ar\/a\/wp-json\/wp\/v2\/media?parent=43154"}],"wp:term":[{"taxonomy":"category","embeddable":true,"href":"https:\/\/www.obispado-mdp.org.ar\/a\/wp-json\/wp\/v2\/categories?post=43154"},{"taxonomy":"post_tag","embeddable":true,"href":"https:\/\/www.obispado-mdp.org.ar\/a\/wp-json\/wp\/v2\/tags?post=43154"}],"curies":[{"name":"wp","href":"https:\/\/api.w.org\/{rel}","templated":true}]}}