{"id":43160,"date":"2024-05-13T18:30:00","date_gmt":"2024-05-13T21:30:00","guid":{"rendered":"https:\/\/www.obispado-mdp.org.ar\/a\/?p=43160"},"modified":"2024-04-03T16:57:48","modified_gmt":"2024-04-03T19:57:48","slug":"evangelio-segun-juan-159-17-2","status":"publish","type":"post","link":"https:\/\/www.obispado-mdp.org.ar\/a\/evangelio-segun-juan-159-17-2\/","title":{"rendered":"Evangelio seg\u00fan\u00a0San Juan\u00a015,9-17."},"content":{"rendered":"\n<p>Jes\u00fas dijo a sus disc\u00edpulos:<br>\u00abComo el Padre me am\u00f3, tambi\u00e9n yo los he amado a ustedes. Permanezcan en mi amor.<br>Si cumplen mis mandamientos, permanecer\u00e1n en mi amor, como yo cumpl\u00ed los mandamientos de mi Padre y permanezco en su amor.<br>Les he dicho esto para que mi gozo sea el de ustedes, y ese gozo sea perfecto.\u00bb<br>Este es mi mandamiento: Amense los unos a los otros, como yo los he amado.<br>No hay amor m\u00e1s grande que dar la vida por los amigos.<br>Ustedes son mis amigos si hacen lo que yo les mando.<br>Ya no los llamo servidores, porque el servidor ignora lo que hace su se\u00f1or; yo los llamo amigos, porque les he dado a conocer todo lo que o\u00ed de mi Padre.<br>No son ustedes los que me eligieron a m\u00ed, sino yo el que los eleg\u00ed a ustedes, y los destin\u00e9 para que vayan y den fruto, y ese fruto sea duradero. As\u00ed todo lo que pidan al Padre en mi Nombre, \u00e9l se lo conceder\u00e1.<br>Lo que yo les mando es que se amen los unos a los otros.\u00bb<\/p>\n\n\n\n<p class=\"has-text-align-right\"><em>Extra\u00eddo de la Biblia: Libro del Pueblo de Dios. <\/em><\/p>\n","protected":false},"excerpt":{"rendered":"<p>Jes\u00fas dijo a sus disc\u00edpulos:\u00abComo el Padre me am\u00f3, tambi\u00e9n yo los he amado a ustedes. Permanezcan en mi amor.Si cumplen mis mandamientos, permanecer\u00e1n en mi amor, como yo cumpl\u00ed los mandamientos de mi Padre y permanezco en su amor.Les he dicho esto para que mi gozo sea el de ustedes, y ese gozo sea [&hellip;]<\/p>\n","protected":false},"author":3,"featured_media":31452,"comment_status":"open","ping_status":"closed","sticky":false,"template":"","format":"standard","meta":{"_et_pb_use_builder":"off","_et_pb_old_content":"<!-- wp:paragraph -->\n<p> Al atardecer de ese mismo d\u00eda, el primero de la semana, estando cerradas las puertas del lugar donde se encontraban los disc\u00edpulos, por temor a los jud\u00edos, lleg\u00f3 Jes\u00fas y poni\u00e9ndose en medio de ellos, les dijo: \"\u00a1La paz est\u00e9 con ustedes!\".<br>Mientras dec\u00eda esto, les mostr\u00f3 sus manos y su costado. Los disc\u00edpulos se llenaron de alegr\u00eda cuando vieron al Se\u00f1or.<br>Jes\u00fas les dijo de nuevo: \"\u00a1La paz est\u00e9 con ustedes! Como el Padre me envi\u00f3 a m\u00ed, yo tambi\u00e9n los env\u00edo a ustedes\".<br>Al decirles esto, sopl\u00f3 sobre ellos y a\u00f1adi\u00f3: \"Reciban el Esp\u00edritu Santo.<br>Los pecados ser\u00e1n perdonados a los que ustedes se los perdonen, y ser\u00e1n retenidos a los que ustedes se los retengan\". <\/p>\n<!-- \/wp:paragraph -->\n\n<!-- wp:paragraph {\"align\":\"right\"} -->\n<p class=\"has-text-align-right\"><em>Extra\u00eddo de la Biblia: Libro del Pueblo de Dios. <\/em><\/p>\n<!-- \/wp:paragraph -->","_et_gb_content_width":""},"categories":[6],"tags":[],"aioseo_notices":[],"_links":{"self":[{"href":"https:\/\/www.obispado-mdp.org.ar\/a\/wp-json\/wp\/v2\/posts\/43160"}],"collection":[{"href":"https:\/\/www.obispado-mdp.org.ar\/a\/wp-json\/wp\/v2\/posts"}],"about":[{"href":"https:\/\/www.obispado-mdp.org.ar\/a\/wp-json\/wp\/v2\/types\/post"}],"author":[{"embeddable":true,"href":"https:\/\/www.obispado-mdp.org.ar\/a\/wp-json\/wp\/v2\/users\/3"}],"replies":[{"embeddable":true,"href":"https:\/\/www.obispado-mdp.org.ar\/a\/wp-json\/wp\/v2\/comments?post=43160"}],"version-history":[{"count":2,"href":"https:\/\/www.obispado-mdp.org.ar\/a\/wp-json\/wp\/v2\/posts\/43160\/revisions"}],"predecessor-version":[{"id":43469,"href":"https:\/\/www.obispado-mdp.org.ar\/a\/wp-json\/wp\/v2\/posts\/43160\/revisions\/43469"}],"wp:featuredmedia":[{"embeddable":true,"href":"https:\/\/www.obispado-mdp.org.ar\/a\/wp-json\/wp\/v2\/media\/31452"}],"wp:attachment":[{"href":"https:\/\/www.obispado-mdp.org.ar\/a\/wp-json\/wp\/v2\/media?parent=43160"}],"wp:term":[{"taxonomy":"category","embeddable":true,"href":"https:\/\/www.obispado-mdp.org.ar\/a\/wp-json\/wp\/v2\/categories?post=43160"},{"taxonomy":"post_tag","embeddable":true,"href":"https:\/\/www.obispado-mdp.org.ar\/a\/wp-json\/wp\/v2\/tags?post=43160"}],"curies":[{"name":"wp","href":"https:\/\/api.w.org\/{rel}","templated":true}]}}