{"id":43164,"date":"2024-05-15T18:30:00","date_gmt":"2024-05-15T21:30:00","guid":{"rendered":"https:\/\/www.obispado-mdp.org.ar\/a\/?p=43164"},"modified":"2024-04-03T16:57:12","modified_gmt":"2024-04-03T19:57:12","slug":"evangelio-segun-juan-1720-26","status":"publish","type":"post","link":"https:\/\/www.obispado-mdp.org.ar\/a\/evangelio-segun-juan-1720-26\/","title":{"rendered":"Evangelio seg\u00fan\u00a0San Juan\u00a017,20-26."},"content":{"rendered":"\n<p>Jes\u00fas levant\u00f3 los ojos al cielo y or\u00f3 diciendo:<br>\u00abPadre santo, no ruego solamente por ellos, sino tambi\u00e9n por los que, gracias a su palabra, creer\u00e1n en m\u00ed.<br>Que todos sean uno: como t\u00fa, Padre, est\u00e1s en m\u00ed y yo en ti, que tambi\u00e9n ellos sean uno en nosotros, para que el mundo crea que t\u00fa me enviaste.<br>Yo les he dado la gloria que t\u00fa me diste, para que sean uno, como nosotros somos uno<br>-yo en ellos y t\u00fa en m\u00ed- para que sean perfectamente uno y el mundo conozca que t\u00fa me has enviado, y que yo los am\u00e9 c\u00f3mo t\u00fa me amaste.<br>Padre, quiero que los que t\u00fa me diste est\u00e9n conmigo donde yo est\u00e9, para que contemplen la gloria que me has dado, porque ya me amabas antes de la creaci\u00f3n del mundo.<br>Padre justo, el mundo no te ha conocido, pero yo te conoc\u00ed, y ellos reconocieron que t\u00fa me enviaste.<br>Les di a conocer tu Nombre, y se lo seguir\u00e9 dando a conocer, para que el amor con que t\u00fa me amaste est\u00e9 en ellos, y yo tambi\u00e9n est\u00e9 en ellos\u00bb.<\/p>\n\n\n\n<p class=\"has-text-align-right\"><em>Extra\u00eddo de la Biblia: Libro del Pueblo de Dios. <\/em><\/p>\n","protected":false},"excerpt":{"rendered":"<p>Jes\u00fas levant\u00f3 los ojos al cielo y or\u00f3 diciendo:\u00abPadre santo, no ruego solamente por ellos, sino tambi\u00e9n por los que, gracias a su palabra, creer\u00e1n en m\u00ed.Que todos sean uno: como t\u00fa, Padre, est\u00e1s en m\u00ed y yo en ti, que tambi\u00e9n ellos sean uno en nosotros, para que el mundo crea que t\u00fa me [&hellip;]<\/p>\n","protected":false},"author":3,"featured_media":31450,"comment_status":"open","ping_status":"closed","sticky":false,"template":"","format":"standard","meta":{"_et_pb_use_builder":"off","_et_pb_old_content":"<!-- wp:paragraph -->\n<p> Al atardecer de ese mismo d\u00eda, el primero de la semana, estando cerradas las puertas del lugar donde se encontraban los disc\u00edpulos, por temor a los jud\u00edos, lleg\u00f3 Jes\u00fas y poni\u00e9ndose en medio de ellos, les dijo: \"\u00a1La paz est\u00e9 con ustedes!\".<br>Mientras dec\u00eda esto, les mostr\u00f3 sus manos y su costado. Los disc\u00edpulos se llenaron de alegr\u00eda cuando vieron al Se\u00f1or.<br>Jes\u00fas les dijo de nuevo: \"\u00a1La paz est\u00e9 con ustedes! Como el Padre me envi\u00f3 a m\u00ed, yo tambi\u00e9n los env\u00edo a ustedes\".<br>Al decirles esto, sopl\u00f3 sobre ellos y a\u00f1adi\u00f3: \"Reciban el Esp\u00edritu Santo.<br>Los pecados ser\u00e1n perdonados a los que ustedes se los perdonen, y ser\u00e1n retenidos a los que ustedes se los retengan\". <\/p>\n<!-- \/wp:paragraph -->\n\n<!-- wp:paragraph {\"align\":\"right\"} -->\n<p class=\"has-text-align-right\"><em>Extra\u00eddo de la Biblia: Libro del Pueblo de Dios. <\/em><\/p>\n<!-- \/wp:paragraph -->","_et_gb_content_width":""},"categories":[6],"tags":[],"aioseo_notices":[],"_links":{"self":[{"href":"https:\/\/www.obispado-mdp.org.ar\/a\/wp-json\/wp\/v2\/posts\/43164"}],"collection":[{"href":"https:\/\/www.obispado-mdp.org.ar\/a\/wp-json\/wp\/v2\/posts"}],"about":[{"href":"https:\/\/www.obispado-mdp.org.ar\/a\/wp-json\/wp\/v2\/types\/post"}],"author":[{"embeddable":true,"href":"https:\/\/www.obispado-mdp.org.ar\/a\/wp-json\/wp\/v2\/users\/3"}],"replies":[{"embeddable":true,"href":"https:\/\/www.obispado-mdp.org.ar\/a\/wp-json\/wp\/v2\/comments?post=43164"}],"version-history":[{"count":2,"href":"https:\/\/www.obispado-mdp.org.ar\/a\/wp-json\/wp\/v2\/posts\/43164\/revisions"}],"predecessor-version":[{"id":43467,"href":"https:\/\/www.obispado-mdp.org.ar\/a\/wp-json\/wp\/v2\/posts\/43164\/revisions\/43467"}],"wp:featuredmedia":[{"embeddable":true,"href":"https:\/\/www.obispado-mdp.org.ar\/a\/wp-json\/wp\/v2\/media\/31450"}],"wp:attachment":[{"href":"https:\/\/www.obispado-mdp.org.ar\/a\/wp-json\/wp\/v2\/media?parent=43164"}],"wp:term":[{"taxonomy":"category","embeddable":true,"href":"https:\/\/www.obispado-mdp.org.ar\/a\/wp-json\/wp\/v2\/categories?post=43164"},{"taxonomy":"post_tag","embeddable":true,"href":"https:\/\/www.obispado-mdp.org.ar\/a\/wp-json\/wp\/v2\/tags?post=43164"}],"curies":[{"name":"wp","href":"https:\/\/api.w.org\/{rel}","templated":true}]}}