{"id":43184,"date":"2024-05-25T18:30:00","date_gmt":"2024-05-25T21:30:00","guid":{"rendered":"https:\/\/www.obispado-mdp.org.ar\/a\/?p=43184"},"modified":"2024-04-03T16:54:02","modified_gmt":"2024-04-03T19:54:02","slug":"evangelio-segun-mateo-2816-20","status":"publish","type":"post","link":"https:\/\/www.obispado-mdp.org.ar\/a\/evangelio-segun-mateo-2816-20\/","title":{"rendered":"Evangelio seg\u00fan\u00a0San Mateo\u00a028,16-20."},"content":{"rendered":"\n<p>En aquel tiempo, los once disc\u00edpulos fueron a Galilea, a la monta\u00f1a donde Jes\u00fas los hab\u00eda citado.<br>Al verlo, se postraron delante de el; sin embargo, algunos todav\u00eda dudaron.<br>Acerc\u00e1ndose, Jes\u00fas les dijo: \u00abYo he recibido todo poder en el cielo y en la tierra.<br>Vayan, y hagan que todos los pueblos sean mis disc\u00edpulos, bautiz\u00e1ndolos en el nombre del Padre y del Hijo y del Esp\u00edritu Santo,<br>y ense\u00f1\u00e1ndoles a cumplir todo lo que yo les he mandado. Y yo estar\u00e9 siempre con ustedes hasta el fin del mundo\u00bb.<\/p>\n\n\n\n<p class=\"has-text-align-right\"><em>Extra\u00eddo de la Biblia: Libro del Pueblo de Dios. <\/em><\/p>\n","protected":false},"excerpt":{"rendered":"<p>En aquel tiempo, los once disc\u00edpulos fueron a Galilea, a la monta\u00f1a donde Jes\u00fas los hab\u00eda citado.Al verlo, se postraron delante de el; sin embargo, algunos todav\u00eda dudaron.Acerc\u00e1ndose, Jes\u00fas les dijo: \u00abYo he recibido todo poder en el cielo y en la tierra.Vayan, y hagan que todos los pueblos sean mis disc\u00edpulos, bautiz\u00e1ndolos en el [&hellip;]<\/p>\n","protected":false},"author":3,"featured_media":31456,"comment_status":"open","ping_status":"closed","sticky":false,"template":"","format":"standard","meta":{"_et_pb_use_builder":"off","_et_pb_old_content":"<!-- wp:paragraph -->\n<p> Al atardecer de ese mismo d\u00eda, el primero de la semana, estando cerradas las puertas del lugar donde se encontraban los disc\u00edpulos, por temor a los jud\u00edos, lleg\u00f3 Jes\u00fas y poni\u00e9ndose en medio de ellos, les dijo: \"\u00a1La paz est\u00e9 con ustedes!\".<br>Mientras dec\u00eda esto, les mostr\u00f3 sus manos y su costado. Los disc\u00edpulos se llenaron de alegr\u00eda cuando vieron al Se\u00f1or.<br>Jes\u00fas les dijo de nuevo: \"\u00a1La paz est\u00e9 con ustedes! Como el Padre me envi\u00f3 a m\u00ed, yo tambi\u00e9n los env\u00edo a ustedes\".<br>Al decirles esto, sopl\u00f3 sobre ellos y a\u00f1adi\u00f3: \"Reciban el Esp\u00edritu Santo.<br>Los pecados ser\u00e1n perdonados a los que ustedes se los perdonen, y ser\u00e1n retenidos a los que ustedes se los retengan\". <\/p>\n<!-- \/wp:paragraph -->\n\n<!-- wp:paragraph {\"align\":\"right\"} -->\n<p class=\"has-text-align-right\"><em>Extra\u00eddo de la Biblia: Libro del Pueblo de Dios. <\/em><\/p>\n<!-- \/wp:paragraph -->","_et_gb_content_width":""},"categories":[6],"tags":[],"aioseo_notices":[],"_links":{"self":[{"href":"https:\/\/www.obispado-mdp.org.ar\/a\/wp-json\/wp\/v2\/posts\/43184"}],"collection":[{"href":"https:\/\/www.obispado-mdp.org.ar\/a\/wp-json\/wp\/v2\/posts"}],"about":[{"href":"https:\/\/www.obispado-mdp.org.ar\/a\/wp-json\/wp\/v2\/types\/post"}],"author":[{"embeddable":true,"href":"https:\/\/www.obispado-mdp.org.ar\/a\/wp-json\/wp\/v2\/users\/3"}],"replies":[{"embeddable":true,"href":"https:\/\/www.obispado-mdp.org.ar\/a\/wp-json\/wp\/v2\/comments?post=43184"}],"version-history":[{"count":2,"href":"https:\/\/www.obispado-mdp.org.ar\/a\/wp-json\/wp\/v2\/posts\/43184\/revisions"}],"predecessor-version":[{"id":43457,"href":"https:\/\/www.obispado-mdp.org.ar\/a\/wp-json\/wp\/v2\/posts\/43184\/revisions\/43457"}],"wp:featuredmedia":[{"embeddable":true,"href":"https:\/\/www.obispado-mdp.org.ar\/a\/wp-json\/wp\/v2\/media\/31456"}],"wp:attachment":[{"href":"https:\/\/www.obispado-mdp.org.ar\/a\/wp-json\/wp\/v2\/media?parent=43184"}],"wp:term":[{"taxonomy":"category","embeddable":true,"href":"https:\/\/www.obispado-mdp.org.ar\/a\/wp-json\/wp\/v2\/categories?post=43184"},{"taxonomy":"post_tag","embeddable":true,"href":"https:\/\/www.obispado-mdp.org.ar\/a\/wp-json\/wp\/v2\/tags?post=43184"}],"curies":[{"name":"wp","href":"https:\/\/api.w.org\/{rel}","templated":true}]}}