{"id":43186,"date":"2024-05-26T18:30:00","date_gmt":"2024-05-26T21:30:00","guid":{"rendered":"https:\/\/www.obispado-mdp.org.ar\/a\/?p=43186"},"modified":"2024-04-03T16:53:47","modified_gmt":"2024-04-03T19:53:47","slug":"evangelio-segun-marcos-1017-27","status":"publish","type":"post","link":"https:\/\/www.obispado-mdp.org.ar\/a\/evangelio-segun-marcos-1017-27\/","title":{"rendered":"Evangelio seg\u00fan\u00a0San Marcos\u00a010,17-27."},"content":{"rendered":"\n<p>Cuando Jes\u00fas se puso en camino, un hombre corri\u00f3 hacia \u00e9l y, arrodill\u00e1ndose, le pregunt\u00f3: \u00abMaestro bueno, \u00bfqu\u00e9 debo hacer para heredar la Vida eterna?\u00bb.<br>Jes\u00fas le dijo: \u00ab\u00bfPor qu\u00e9 me llamas bueno? S\u00f3lo Dios es bueno.<br>T\u00fa conoces los mandamientos: No matar\u00e1s, no cometer\u00e1s adulterio, no robar\u00e1s, no dar\u00e1s falso testimonio, no perjudicar\u00e1s a nadie, honra a tu padre y a tu madre\u00bb.<br>El hombre le respondi\u00f3: \u00abMaestro, todo eso lo he cumplido desde mi juventud\u00bb.<br>Jes\u00fas lo mir\u00f3 con amor y le dijo: \u00abS\u00f3lo te falta una cosa: ve, vende lo que tienes y dalo a los pobres; as\u00ed tendr\u00e1s un tesoro en el cielo. Despu\u00e9s, ven y s\u00edgueme\u00bb.<br>El, al o\u00edr estas palabras, se entristeci\u00f3 y se fue apenado, porque pose\u00eda muchos bienes.<br>Entonces Jes\u00fas, mirando alrededor, dijo a sus disc\u00edpulos: \u00ab\u00a1Qu\u00e9 dif\u00edcil ser\u00e1 para los ricos entrar en el Reino de Dios!\u00bb.<br>Los disc\u00edpulos se sorprendieron por estas palabras, pero Jes\u00fas continu\u00f3 diciendo: \u00abHijos m\u00edos, \u00a1Qu\u00e9 dif\u00edcil es entrar en el Reino de Dios!.<br>Es m\u00e1s f\u00e1cil que un camello pase por el ojo de una aguja, que un rico entre en el Reino de Dios\u00bb.<br>Los disc\u00edpulos se asombraron a\u00fan m\u00e1s y se preguntaban unos a otros: \u00abEntonces, \u00bfqui\u00e9n podr\u00e1 salvarse?\u00bb.<br>Jes\u00fas, fijando en ellos su mirada, les dijo: \u00abPara los hombres es imposible, pero no para Dios, porque para \u00e9l todo es posible\u00bb.<\/p>\n\n\n\n<p class=\"has-text-align-right\"><em>Extra\u00eddo de la Biblia: Libro del Pueblo de Dios. <\/em><\/p>\n","protected":false},"excerpt":{"rendered":"<p>Cuando Jes\u00fas se puso en camino, un hombre corri\u00f3 hacia \u00e9l y, arrodill\u00e1ndose, le pregunt\u00f3: \u00abMaestro bueno, \u00bfqu\u00e9 debo hacer para heredar la Vida eterna?\u00bb.Jes\u00fas le dijo: \u00ab\u00bfPor qu\u00e9 me llamas bueno? S\u00f3lo Dios es bueno.T\u00fa conoces los mandamientos: No matar\u00e1s, no cometer\u00e1s adulterio, no robar\u00e1s, no dar\u00e1s falso testimonio, no perjudicar\u00e1s a nadie, honra [&hellip;]<\/p>\n","protected":false},"author":3,"featured_media":31451,"comment_status":"open","ping_status":"closed","sticky":false,"template":"","format":"standard","meta":{"_et_pb_use_builder":"off","_et_pb_old_content":"<!-- wp:paragraph -->\n<p> Al atardecer de ese mismo d\u00eda, el primero de la semana, estando cerradas las puertas del lugar donde se encontraban los disc\u00edpulos, por temor a los jud\u00edos, lleg\u00f3 Jes\u00fas y poni\u00e9ndose en medio de ellos, les dijo: \"\u00a1La paz est\u00e9 con ustedes!\".<br>Mientras dec\u00eda esto, les mostr\u00f3 sus manos y su costado. Los disc\u00edpulos se llenaron de alegr\u00eda cuando vieron al Se\u00f1or.<br>Jes\u00fas les dijo de nuevo: \"\u00a1La paz est\u00e9 con ustedes! Como el Padre me envi\u00f3 a m\u00ed, yo tambi\u00e9n los env\u00edo a ustedes\".<br>Al decirles esto, sopl\u00f3 sobre ellos y a\u00f1adi\u00f3: \"Reciban el Esp\u00edritu Santo.<br>Los pecados ser\u00e1n perdonados a los que ustedes se los perdonen, y ser\u00e1n retenidos a los que ustedes se los retengan\". <\/p>\n<!-- \/wp:paragraph -->\n\n<!-- wp:paragraph {\"align\":\"right\"} -->\n<p class=\"has-text-align-right\"><em>Extra\u00eddo de la Biblia: Libro del Pueblo de Dios. <\/em><\/p>\n<!-- \/wp:paragraph -->","_et_gb_content_width":""},"categories":[6],"tags":[],"aioseo_notices":[],"_links":{"self":[{"href":"https:\/\/www.obispado-mdp.org.ar\/a\/wp-json\/wp\/v2\/posts\/43186"}],"collection":[{"href":"https:\/\/www.obispado-mdp.org.ar\/a\/wp-json\/wp\/v2\/posts"}],"about":[{"href":"https:\/\/www.obispado-mdp.org.ar\/a\/wp-json\/wp\/v2\/types\/post"}],"author":[{"embeddable":true,"href":"https:\/\/www.obispado-mdp.org.ar\/a\/wp-json\/wp\/v2\/users\/3"}],"replies":[{"embeddable":true,"href":"https:\/\/www.obispado-mdp.org.ar\/a\/wp-json\/wp\/v2\/comments?post=43186"}],"version-history":[{"count":2,"href":"https:\/\/www.obispado-mdp.org.ar\/a\/wp-json\/wp\/v2\/posts\/43186\/revisions"}],"predecessor-version":[{"id":43456,"href":"https:\/\/www.obispado-mdp.org.ar\/a\/wp-json\/wp\/v2\/posts\/43186\/revisions\/43456"}],"wp:featuredmedia":[{"embeddable":true,"href":"https:\/\/www.obispado-mdp.org.ar\/a\/wp-json\/wp\/v2\/media\/31451"}],"wp:attachment":[{"href":"https:\/\/www.obispado-mdp.org.ar\/a\/wp-json\/wp\/v2\/media?parent=43186"}],"wp:term":[{"taxonomy":"category","embeddable":true,"href":"https:\/\/www.obispado-mdp.org.ar\/a\/wp-json\/wp\/v2\/categories?post=43186"},{"taxonomy":"post_tag","embeddable":true,"href":"https:\/\/www.obispado-mdp.org.ar\/a\/wp-json\/wp\/v2\/tags?post=43186"}],"curies":[{"name":"wp","href":"https:\/\/api.w.org\/{rel}","templated":true}]}}