{"id":43188,"date":"2024-05-27T18:30:00","date_gmt":"2024-05-27T21:30:00","guid":{"rendered":"https:\/\/www.obispado-mdp.org.ar\/a\/?p=43188"},"modified":"2024-04-03T16:53:27","modified_gmt":"2024-04-03T19:53:27","slug":"evangelio-segun-marcos-1028-31","status":"publish","type":"post","link":"https:\/\/www.obispado-mdp.org.ar\/a\/evangelio-segun-marcos-1028-31\/","title":{"rendered":"Evangelio seg\u00fan\u00a0San Marcos\u00a010,28-31."},"content":{"rendered":"\n<p>Pedro le dijo a Jes\u00fas: \u00abT\u00fa sabes que nosotros lo hemos dejado todo y te hemos seguido\u00bb.<br>Jes\u00fas respondi\u00f3: \u00abLes aseguro que el que haya dejado casa, hermanos y hermanas, madre y padre, hijos o campos por m\u00ed y por la Buena Noticia,<br>desde ahora, en este mundo, recibir\u00e1 el ciento por uno en casas, hermanos y hermanas, madres, hijos y, campos, en medio de las persecuciones; y en el mundo futuro recibir\u00e1 la Vida eterna.<br>Muchos de los primeros ser\u00e1n los \u00faltimos y los \u00faltimos ser\u00e1n los primeros\u00bb.<\/p>\n\n\n\n<p class=\"has-text-align-right\"><em>Extra\u00eddo de la Biblia: Libro del Pueblo de Dios. <\/em><\/p>\n","protected":false},"excerpt":{"rendered":"<p>Pedro le dijo a Jes\u00fas: \u00abT\u00fa sabes que nosotros lo hemos dejado todo y te hemos seguido\u00bb.Jes\u00fas respondi\u00f3: \u00abLes aseguro que el que haya dejado casa, hermanos y hermanas, madre y padre, hijos o campos por m\u00ed y por la Buena Noticia,desde ahora, en este mundo, recibir\u00e1 el ciento por uno en casas, hermanos y [&hellip;]<\/p>\n","protected":false},"author":3,"featured_media":31452,"comment_status":"open","ping_status":"closed","sticky":false,"template":"","format":"standard","meta":{"_et_pb_use_builder":"off","_et_pb_old_content":"<!-- wp:paragraph -->\n<p> Al atardecer de ese mismo d\u00eda, el primero de la semana, estando cerradas las puertas del lugar donde se encontraban los disc\u00edpulos, por temor a los jud\u00edos, lleg\u00f3 Jes\u00fas y poni\u00e9ndose en medio de ellos, les dijo: \"\u00a1La paz est\u00e9 con ustedes!\".<br>Mientras dec\u00eda esto, les mostr\u00f3 sus manos y su costado. Los disc\u00edpulos se llenaron de alegr\u00eda cuando vieron al Se\u00f1or.<br>Jes\u00fas les dijo de nuevo: \"\u00a1La paz est\u00e9 con ustedes! Como el Padre me envi\u00f3 a m\u00ed, yo tambi\u00e9n los env\u00edo a ustedes\".<br>Al decirles esto, sopl\u00f3 sobre ellos y a\u00f1adi\u00f3: \"Reciban el Esp\u00edritu Santo.<br>Los pecados ser\u00e1n perdonados a los que ustedes se los perdonen, y ser\u00e1n retenidos a los que ustedes se los retengan\". <\/p>\n<!-- \/wp:paragraph -->\n\n<!-- wp:paragraph {\"align\":\"right\"} -->\n<p class=\"has-text-align-right\"><em>Extra\u00eddo de la Biblia: Libro del Pueblo de Dios. <\/em><\/p>\n<!-- \/wp:paragraph -->","_et_gb_content_width":""},"categories":[6],"tags":[],"aioseo_notices":[],"_links":{"self":[{"href":"https:\/\/www.obispado-mdp.org.ar\/a\/wp-json\/wp\/v2\/posts\/43188"}],"collection":[{"href":"https:\/\/www.obispado-mdp.org.ar\/a\/wp-json\/wp\/v2\/posts"}],"about":[{"href":"https:\/\/www.obispado-mdp.org.ar\/a\/wp-json\/wp\/v2\/types\/post"}],"author":[{"embeddable":true,"href":"https:\/\/www.obispado-mdp.org.ar\/a\/wp-json\/wp\/v2\/users\/3"}],"replies":[{"embeddable":true,"href":"https:\/\/www.obispado-mdp.org.ar\/a\/wp-json\/wp\/v2\/comments?post=43188"}],"version-history":[{"count":2,"href":"https:\/\/www.obispado-mdp.org.ar\/a\/wp-json\/wp\/v2\/posts\/43188\/revisions"}],"predecessor-version":[{"id":43455,"href":"https:\/\/www.obispado-mdp.org.ar\/a\/wp-json\/wp\/v2\/posts\/43188\/revisions\/43455"}],"wp:featuredmedia":[{"embeddable":true,"href":"https:\/\/www.obispado-mdp.org.ar\/a\/wp-json\/wp\/v2\/media\/31452"}],"wp:attachment":[{"href":"https:\/\/www.obispado-mdp.org.ar\/a\/wp-json\/wp\/v2\/media?parent=43188"}],"wp:term":[{"taxonomy":"category","embeddable":true,"href":"https:\/\/www.obispado-mdp.org.ar\/a\/wp-json\/wp\/v2\/categories?post=43188"},{"taxonomy":"post_tag","embeddable":true,"href":"https:\/\/www.obispado-mdp.org.ar\/a\/wp-json\/wp\/v2\/tags?post=43188"}],"curies":[{"name":"wp","href":"https:\/\/api.w.org\/{rel}","templated":true}]}}